{"id":35075,"date":"2025-06-15T18:44:44","date_gmt":"2025-06-15T16:44:44","guid":{"rendered":"https:\/\/www.etrix.ch\/tous-les-types-de-scooters-electriques\/"},"modified":"2025-06-19T10:48:42","modified_gmt":"2025-06-19T08:48:42","slug":"tous-les-types-de-scooters-electriques","status":"publish","type":"post","link":"https:\/\/www.etrix.ch\/fr\/tous-les-types-de-scooters-electriques\/","title":{"rendered":"Les deux-roues \u00e9lectriques ont le vent en poupe - Durables, silencieux et agr\u00e9ables \u00e0 conduire"},"content":{"rendered":"\n<div class=\"wp-block-columns alignfull is-style-spalte-top-bild is-layout-flex wp-container-core-columns-is-layout-9d6595d7 wp-block-columns-is-layout-flex\">\n<div class=\"wp-block-column is-style-top-bild-mask has-global-color-8-color has-text-color is-layout-flow wp-block-column-is-layout-flow\">\n<figure class=\"wp-block-image alignfull size-full is-style-bild-center\"><img decoding=\"async\" width=\"2500\" height=\"1052\" src=\"https:\/\/www.etrix.ch\/media\/2025\/06\/Banner_arten_elektroroller_escooter.png\" alt=\"Banni\u00e8re Types de scooters \u00e9lectriques Escooter\" class=\"wp-image-35065\" srcset=\"https:\/\/www.etrix.ch\/media\/2025\/06\/Banner_arten_elektroroller_escooter.png 2500w, https:\/\/www.etrix.ch\/media\/2025\/06\/Banner_arten_elektroroller_escooter-300x126.png 300w, https:\/\/www.etrix.ch\/media\/2025\/06\/Banner_arten_elektroroller_escooter-1024x431.png 1024w, https:\/\/www.etrix.ch\/media\/2025\/06\/Banner_arten_elektroroller_escooter-768x323.png 768w, https:\/\/www.etrix.ch\/media\/2025\/06\/Banner_arten_elektroroller_escooter-1536x646.png 1536w, https:\/\/www.etrix.ch\/media\/2025\/06\/Banner_arten_elektroroller_escooter-2048x862.png 2048w, https:\/\/www.etrix.ch\/media\/2025\/06\/Banner_arten_elektroroller_escooter-1320x555.png 1320w, https:\/\/www.etrix.ch\/media\/2025\/06\/Banner_arten_elektroroller_escooter-900x379.png 900w\" sizes=\"(max-width: 2500px) 100vw, 2500px\"><figcaption class=\"wp-element-caption\">Caofen F80 \u00e0 l\u2019eMoto Urban Cup<\/figcaption><\/figure>\n<\/div>\n<\/div>\n\n<div class=\"wp-block-columns is-layout-flex wp-container-core-columns-is-layout-9d6595d7 wp-block-columns-is-layout-flex\">\n<div class=\"wp-block-column is-layout-flow wp-block-column-is-layout-flow\">\n<div class=\"wp-block-columns is-layout-flex wp-container-core-columns-is-layout-9d6595d7 wp-block-columns-is-layout-flex\">\n<div class=\"wp-block-column is-layout-flow wp-block-column-is-layout-flow\" style=\"flex-basis:15%\"><\/div>\n\n\n\n<div class=\"wp-block-column is-layout-flow wp-block-column-is-layout-flow\" style=\"flex-basis:70%\"><h1 class=\"wp-block-post-title\">Les deux-roues \u00e9lectriques ont le vent en poupe - Durables, silencieux et agr\u00e9ables \u00e0 conduire<\/h1>\n\n\n<p>Les deux-roues \u00e9lectriques sont tr\u00e8s tendance, et ce pour une bonne raison. Ils sont silencieux, ne produisent aucune \u00e9mission et constituent une solution pratique pour les d\u00e9placements en ville, les loisirs ou les trajets domicile-travail. Qu\u2019ils soient courts ou longs, il existe un mod\u00e8le adapt\u00e9 \u00e0 presque tous les besoins.  <\/p>\n\n\n\n<p><strong><strong>Le scooter \u00e9lectrique : compact, flexible et id\u00e9al pour les courtes distances<\/strong><\/strong><\/p>\n\n\n\n<p>La trottinette \u00e9lectrique, \u00e9galement appel\u00e9e E-Trotti, est le mod\u00e8le le plus l\u00e9ger. Il est id\u00e9al pour les trajets courts vers le travail, l\u2019\u00e9cole ou les courses. De nombreux mod\u00e8les sont pliables et peuvent \u00eatre facilement transport\u00e9s dans les transports publics - parfaits pour le \u00ab\u00a0dernier kilom\u00e8tre\u00a0\u00bb\u2026  <\/p>\n\n\n\n<figure class=\"wp-block-image size-full is-style-default\"><a href=\"https:\/\/www.etrix.ch\/produkt-kategorie\/e-scooter-2\/\"><img decoding=\"async\" width=\"1900\" height=\"475\" src=\"https:\/\/www.etrix.ch\/media\/2025\/06\/E-trotti-Stadt.jpeg\" alt=\"E-Trotti ville\" class=\"wp-image-35030\" srcset=\"https:\/\/www.etrix.ch\/media\/2025\/06\/E-trotti-Stadt.jpeg 1900w, https:\/\/www.etrix.ch\/media\/2025\/06\/E-trotti-Stadt-300x75.jpeg 300w, https:\/\/www.etrix.ch\/media\/2025\/06\/E-trotti-Stadt-1024x256.jpeg 1024w, https:\/\/www.etrix.ch\/media\/2025\/06\/E-trotti-Stadt-768x192.jpeg 768w, https:\/\/www.etrix.ch\/media\/2025\/06\/E-trotti-Stadt-1536x384.jpeg 1536w, https:\/\/www.etrix.ch\/media\/2025\/06\/E-trotti-Stadt-1320x330.jpeg 1320w, https:\/\/www.etrix.ch\/media\/2025\/06\/E-trotti-Stadt-900x225.jpeg 900w\" sizes=\"(max-width: 1900px) 100vw, 1900px\"><\/a><\/figure>\n\n\n\n<p><\/p>\n\n\n\n<p><strong><strong>Le scooter \u00e9lectrique : confort et autonomie dans un look styl\u00e9<\/strong><\/strong><\/p>\n\n\n\n<p>Le scooter \u00e9lectrique est un peu plus grand, souvent dans le style d\u2019un scooter classique. Il offre un meilleur confort d\u2019assise, une plus grande autonomie et convient \u00e9galement pour les longs trajets. Selon la cat\u00e9gorie de puissance, il peut \u00eatre conduit avec ou sans permis de conduire. Gr\u00e2ce \u00e0 un moteur plus puissant et \u00e0 des roues plus grandes, il est \u00e9galement facile de se d\u00e9placer en dehors de la ville.   <\/p>\n\n\n\n<figure class=\"wp-block-image size-large\"><a href=\"https:\/\/www.etrix.ch\/fr\/scooter-electrique\/\"><img decoding=\"async\" width=\"1024\" height=\"205\" src=\"https:\/\/www.etrix.ch\/media\/2025\/06\/Felo-Silence-M1-Ecooter-2-1024x205.png\" alt=\"Felo Silence M1 Ecooter\" class=\"wp-image-35091\" srcset=\"https:\/\/www.etrix.ch\/media\/2025\/06\/Felo-Silence-M1-Ecooter-2-1024x205.png 1024w, https:\/\/www.etrix.ch\/media\/2025\/06\/Felo-Silence-M1-Ecooter-2-300x60.png 300w, https:\/\/www.etrix.ch\/media\/2025\/06\/Felo-Silence-M1-Ecooter-2-768x153.png 768w, https:\/\/www.etrix.ch\/media\/2025\/06\/Felo-Silence-M1-Ecooter-2-900x180.png 900w, https:\/\/www.etrix.ch\/media\/2025\/06\/Felo-Silence-M1-Ecooter-2.png 1271w\" sizes=\"(max-width: 1024px) 100vw, 1024px\"><\/a><\/figure>\n\n\n\n<p><br><strong><strong>Motos \u00e9lectriques : la performance rencontre la durabilit\u00e9<\/strong><\/strong><\/p>\n\n\n\n<p>Pour ceux qui recherchent plus de puissance, la moto \u00e9lectrique est id\u00e9ale. Elle allie la puissance d\u2019une moto traditionnelle aux avantages de la propulsion \u00e9lectrique : silencieuse, sans \u00e9missions et n\u00e9cessitant peu d\u2019entretien. Id\u00e9al pour les longs trajets et les week-ends.  <\/p>\n\n\n\n<figure class=\"wp-block-image size-large is-style-default\"><a href=\"https:\/\/zeromotorcycles.com\/de-de\"><img decoding=\"async\" width=\"1024\" height=\"262\" src=\"https:\/\/www.etrix.ch\/media\/2025\/06\/Zero--1024x262.png\" alt=\"Machine z\u00e9ro  \" class=\"wp-image-35095\" srcset=\"https:\/\/www.etrix.ch\/media\/2025\/06\/Zero--1024x262.png 1024w, https:\/\/www.etrix.ch\/media\/2025\/06\/Zero--300x77.png 300w, https:\/\/www.etrix.ch\/media\/2025\/06\/Zero--768x196.png 768w, https:\/\/www.etrix.ch\/media\/2025\/06\/Zero--900x230.png 900w, https:\/\/www.etrix.ch\/media\/2025\/06\/Zero-.png 1158w\" sizes=\"(max-width: 1024px) 100vw, 1024px\"><\/a><\/figure>\n\n\n\n<p><\/p>\n\n\n\n<p><strong><strong>E-Cross et tout-terrain : Pour des aventures hors des sentiers battus<\/strong><\/strong><\/p>\n\n\n\n<p>Les mod\u00e8les E-Cross sont sp\u00e9cialement construits pour une utilisation tout-terrain. Ils offrent une technologie robuste, des moteurs puissants et des options de transmission int\u00e9grale. Qu\u2019il s\u2019agisse d\u2019une machine de sport ou d\u2019un v\u00e9hicule de travail, de nombreux mod\u00e8les sont \u00e9galement autoris\u00e9s \u00e0 circuler sur la route.  <\/p>\n\n\n\n<figure class=\"wp-block-image size-large is-resized\"><img decoding=\"async\" width=\"1024\" height=\"219\" src=\"https:\/\/www.etrix.ch\/media\/2025\/06\/E-Cross-Caofen-Zero-1024x219.png\" alt=\"E-Cross Caofen F80 Zero XB XE\" class=\"wp-image-35108\" style=\"width:688px;height:auto\" srcset=\"https:\/\/www.etrix.ch\/media\/2025\/06\/E-Cross-Caofen-Zero-1024x219.png 1024w, https:\/\/www.etrix.ch\/media\/2025\/06\/E-Cross-Caofen-Zero-300x64.png 300w, https:\/\/www.etrix.ch\/media\/2025\/06\/E-Cross-Caofen-Zero-768x164.png 768w, https:\/\/www.etrix.ch\/media\/2025\/06\/E-Cross-Caofen-Zero-1320x283.png 1320w, https:\/\/www.etrix.ch\/media\/2025\/06\/E-Cross-Caofen-Zero-900x193.png 900w, https:\/\/www.etrix.ch\/media\/2025\/06\/E-Cross-Caofen-Zero.png 1397w\" sizes=\"(max-width: 1024px) 100vw, 1024px\"><\/figure>\n\n\n\n<p><\/p>\n\n\n\n<p><strong>Conclusion : pleine puissance, z\u00e9ro \u00e9mission<\/strong><\/p>\n\n\n\n<p>Que ce soit en ville, \u00e0 la campagne ou en tout-terrain, les deux-roues \u00e9lectriques offrent plaisir de conduite, efficacit\u00e9 et durabilit\u00e9 - sans aucun bruit ni gaz d\u2019\u00e9chappement.<\/p>\n<\/div>\n\n\n\n<div class=\"wp-block-column is-layout-flow wp-block-column-is-layout-flow\"><\/div>\n\n\n\n<div class=\"wp-block-column is-layout-flow wp-block-column-is-layout-flow\" style=\"flex-basis:15%\"><\/div>\n<\/div>\n<\/div>\n<\/div>\n\n<h2 class=\"wp-block-heading\" id=\"h-elektroroller-im-etrix-shop\">Trottinettes \u00e9lectriques dans la boutique ETRIX<\/h2>\n<div class=\"gb-container gb-container-203672ce\">\n<div id=\"prolist-block_671e5ff9d364d6d92a63c91422bcefe1\" class=\"wc-block-grid  wp-block-product-category wc-block-product-category has-4-columns has-multiple-rows  prolist\"><ul class=\"wc-block-grid__products wp-block-columns is-style-spalten-boxed \"><li class=\"wc-block-grid__product wp-block-column  sale finanz-0-\">  <a href=\"https:\/\/www.etrix.ch\/fr\/scooter-electrique\/ecooter-e2-plus\/\" class=\"wc-block-grid__product-link\"><img decoding=\"async\" width=\"600\" height=\"600\" src=\"https:\/\/www.etrix.ch\/media\/2022\/05\/elektroroller-ecooter-e2-red-21-600x600.jpg\" class=\"attachment-woocommerce_thumbnail size-woocommerce_thumbnail\" alt=\"Ecooter E2 konfigurieren\" srcset=\"https:\/\/www.etrix.ch\/media\/2022\/05\/elektroroller-ecooter-e2-red-21-600x600.jpg 600w, https:\/\/www.etrix.ch\/media\/2022\/05\/elektroroller-ecooter-e2-red-21-100x100.jpg 100w, https:\/\/www.etrix.ch\/media\/2022\/05\/elektroroller-ecooter-e2-red-21-150x150.jpg 150w, https:\/\/www.etrix.ch\/media\/2022\/05\/elektroroller-ecooter-e2-red-21-450x450.jpg 450w, https:\/\/www.etrix.ch\/media\/2022\/05\/elektroroller-ecooter-e2-red-21-460x460.jpg 460w\" sizes=\"(max-width: 600px) 100vw, 600px\"><div class=\"wc-block-grid__product-title\"><h2>Ecooter - E2 Sport<br><span class=\"at-zusatz-titel\">E-Roller<\/span><\/h2><\/div><\/a>  <div class=\"pro-icon\">    <div><span class=\"speed-icon\"><\/span> <span>75-80 km\/h<\/span><\/div>    <div><span class=\"reichweite-icon\"><\/span> <span>78 km (gem. WMTC)<\/span><\/div>    <div>\n\t\t\t\t\t\t\t\t<span class=\"money-wraps\">\n\t\t\t\t\t\t\t\t  <span class=\"money-icon\"><\/span> \n\t\t\t\t\t\t\t\t  <div>\t\t\t<span><s style=\"margin: -11px 0 -26px 0;display: block;font-size: 85%;\">CHF 4950.\u2013<\/s><br><b>CHF 3450.\u2013 <\/b><\/span> \t\t\t<span>pm. CHF 72.\u2013 <\/span>\n\t\t\t\t\t\t\t\t  <\/div>\n\t\t\t\t\t\t\t\t<\/span>\n\t\t\t\t\t\t\t  <\/div>  <\/div>  <div class=\"btns\">    <a href=\"https:\/\/www.etrix.ch\/fr\/?post_type=product&amp;p=10061&amp;attribute_pa_modell=e2-sport-fr&amp;attribute_pa_geschwindigkeit=75-80-km-h-fr&amp;attribute_pa_lackierung=lafite-rouge\" class=\"button-new\">configurer<\/a>    <a href=\"https:\/\/www.etrix.ch\/fr\/scooter-electrique\/ecooter-e2-plus\/\" class=\"button-new btn-light\">en savoir plus<\/a>  <\/div><\/li><li class=\"wc-block-grid__product wp-block-column  sale finanz-0-nein\">  <a href=\"https:\/\/www.etrix.ch\/fr\/scooter-electrique\/felo-fw06\/\" class=\"wc-block-grid__product-link\"><img decoding=\"async\" width=\"600\" height=\"600\" src=\"https:\/\/www.etrix.ch\/media\/2023\/02\/felo-fw06-etrix-elektroroller-graffitygrey-600x600.jpg\" class=\"attachment-woocommerce_thumbnail size-woocommerce_thumbnail\" alt=\"Felo Fw06 Etrix Elektroroller Graffitygrey\" srcset=\"https:\/\/www.etrix.ch\/media\/2023\/02\/felo-fw06-etrix-elektroroller-graffitygrey-600x600.jpg 600w, https:\/\/www.etrix.ch\/media\/2023\/02\/felo-fw06-etrix-elektroroller-graffitygrey-150x150.jpg 150w, https:\/\/www.etrix.ch\/media\/2023\/02\/felo-fw06-etrix-elektroroller-graffitygrey-100x100.jpg 100w, https:\/\/www.etrix.ch\/media\/2023\/02\/felo-fw06-etrix-elektroroller-graffitygrey-460x460.jpg 460w\" sizes=\"(max-width: 600px) 100vw, 600px\"><div class=\"wc-block-grid__product-title\"><h2>Felo - FW06<br><span class=\"at-zusatz-titel\">E-Roller<\/span><\/h2><\/div><\/a>  <div class=\"pro-icon\">    <div><span class=\"speed-icon\"><\/span> <span>125 km\/h<\/span><\/div>    <div><span class=\"reichweite-icon\"><\/span> <span>94 km (gem. WMTC)<\/span><\/div>    <div>\n\t\t\t\t\t\t\t\t<span class=\"money-wraps\">\n\t\t\t\t\t\t\t\t  <span class=\"money-icon\"><\/span> \n\t\t\t\t\t\t\t\t  <div>\t\t\t<span><s style=\"margin: -11px 0 -26px 0;display: block;font-size: 85%;\">CHF 6450.\u2013<\/s><br><b>CHF 4940.\u2013 <\/b><\/span> \t\t\t<span>pm. CHF 103.\u2013 <\/span>\n\t\t\t\t\t\t\t\t  <\/div>\n\t\t\t\t\t\t\t\t<\/span>\n\t\t\t\t\t\t\t  <\/div>  <\/div>  <div class=\"btns\">    <a href=\"https:\/\/www.etrix.ch\/fr\/produit\/configurer-felo-fw06\/?attribute_pa_modell=fw06-fr&amp;attribute_pa_geschwindigkeit=125-km-h-fr&amp;attribute_pa_lackierung=graffiti-space-gray-fr\" class=\"button-new\">configurer<\/a>    <a href=\"https:\/\/www.etrix.ch\/fr\/scooter-electrique\/felo-fw06\/\" class=\"button-new btn-light\">en savoir plus<\/a>  <\/div><\/li><li class=\"wc-block-grid__product wp-block-column   finanz-0-\">  <a href=\"https:\/\/www.etrix.ch\/fr\/scooter-electrique\/silence-s01-plus\/\" class=\"wc-block-grid__product-link\"><img decoding=\"async\" width=\"600\" height=\"600\" src=\"https:\/\/www.etrix.ch\/media\/2022\/05\/elektroroller-silence-s01plus-grey-22-600x600.jpg\" class=\"attachment-woocommerce_thumbnail size-woocommerce_thumbnail\" alt=\"Elektroroller Silence S01plus Grey 22\" srcset=\"https:\/\/www.etrix.ch\/media\/2022\/05\/elektroroller-silence-s01plus-grey-22-600x600.jpg 600w, https:\/\/www.etrix.ch\/media\/2022\/05\/elektroroller-silence-s01plus-grey-22-100x100.jpg 100w\" sizes=\"(max-width: 600px) 100vw, 600px\"><div class=\"wc-block-grid__product-title\"><h2>Silence - S01, S01 Plus<br><span class=\"at-zusatz-titel\">E-Roller<\/span><\/h2><\/div><\/a>  <div class=\"pro-icon\">    <div><span class=\"speed-icon\"><\/span> <span>100 km\/h, 110 km\/h<\/span><\/div>    <div><span class=\"reichweite-icon\"><\/span> <span>137 km (gem. WMTC)<\/span><\/div>    <div>\n\t\t\t\t\t\t\t\t<span class=\"money-wraps\">\n\t\t\t\t\t\t\t\t  <span class=\"money-icon\"><\/span> \n\t\t\t\t\t\t\t\t  <div>\t\t\t<span><b>CHF 6950.\u2013 <\/b><\/span> \t\t\t<span>pm. CHF 145.\u2013 <\/span>\n\t\t\t\t\t\t\t\t  <\/div>\n\t\t\t\t\t\t\t\t<\/span>\n\t\t\t\t\t\t\t  <\/div>  <\/div>  <div class=\"btns\">    <a href=\"https:\/\/www.etrix.ch\/fr\/produit\/silence-s01\/\" class=\"button-new\">configurer<\/a>    <a href=\"https:\/\/www.etrix.ch\/fr\/scooter-electrique\/silence-s01-plus\/\" class=\"button-new btn-light\">en savoir plus<\/a>  <\/div><\/li><li class=\"wc-block-grid__product wp-block-column   finanz-0-\">  <a href=\"https:\/\/www.etrix.ch\/fr\/e-cross\/zero-xe\/\" class=\"wc-block-grid__product-link\"><img decoding=\"async\" width=\"600\" height=\"600\" src=\"https:\/\/www.etrix.ch\/media\/2025\/02\/Zero-xe-cross-seitlich-600x600.jpg\" class=\"attachment-woocommerce_thumbnail size-woocommerce_thumbnail\" alt=\"Zero Xe Cross Seitlich\" srcset=\"https:\/\/www.etrix.ch\/media\/2025\/02\/Zero-xe-cross-seitlich-600x600.jpg 600w, https:\/\/www.etrix.ch\/media\/2025\/02\/Zero-xe-cross-seitlich-150x150.jpg 150w, https:\/\/www.etrix.ch\/media\/2025\/02\/Zero-xe-cross-seitlich-100x100.jpg 100w, https:\/\/www.etrix.ch\/media\/2025\/02\/Zero-xe-cross-seitlich-460x460.jpg 460w\" sizes=\"(max-width: 600px) 100vw, 600px\"><div class=\"wc-block-grid__product-title\"><h2>Zero - XE<\/h2><\/div><\/a>  <div class=\"pro-icon\">    <div><span class=\"speed-icon\"><\/span> <span>85 km\/h<\/span><\/div>    <div><span class=\"reichweite-icon\"><\/span> <span>100 km (gem. WTC)<\/span><\/div>    <div>\n\t\t\t\t\t\t\t\t<span class=\"money-wraps\">\n\t\t\t\t\t\t\t\t  <span class=\"money-icon\"><\/span> \n\t\t\t\t\t\t\t\t  <div>\t\t\t<span><b>CHF 5820.\u2013 <\/b><\/span> \t\t\t<span>pm. CHF 121.\u2013 <\/span>\n\t\t\t\t\t\t\t\t  <\/div>\n\t\t\t\t\t\t\t\t<\/span>\n\t\t\t\t\t\t\t  <\/div>  <\/div>  <div class=\"btns\">    <a href=\"https:\/\/www.etrix.ch\/fr\/produit\/reserver-zero-xe\/\" class=\"button-new\">configurer<\/a>    <a href=\"https:\/\/www.etrix.ch\/fr\/e-cross\/zero-xe\/\" class=\"button-new btn-light\">en savoir plus<\/a>  <\/div><\/li><\/ul><\/div>\n<\/div>","protected":false},"excerpt":{"rendered":"<p>Les scooters \u00e9lectriques de toutes les couleurs et de toutes les formes sont en plein essor<\/p>\n","protected":false},"author":147,"featured_media":35130,"comment_status":"closed","ping_status":"closed","sticky":false,"template":"","format":"standard","meta":{"_acf_changed":false,"footnotes":""},"categories":[366],"tags":[2844,2845,2846,2847,2848,2839,2840,2841,2842,2843,2021],"class_list":["post-35075","post","type-post","status-publish","format-standard","has-post-thumbnail","hentry","category-non-classifiee","tag-silence-fr","tag-zeromotorcycles-fr","tag-zero-fr","tag-caofan-fr","tag-tcs-fr","tag-motos-electriques","tag-eroller-fr","tag-esooter-fr","tag-electrocross","tag-e-cross-fr","tag-scooter-electrique","generate-columns","tablet-grid-50","mobile-grid-100","grid-parent","grid-50"],"acf":[],"yoast_head":"<!-- This site is optimized with the Yoast SEO Premium plugin v26.9 (Yoast SEO v27.4) - https:\/\/yoast.com\/product\/yoast-seo-premium-wordpress\/ -->\n<title>Les deux-roues \u00e9lectriques ont le vent en poupe - Durables, silencieux et agr\u00e9ables \u00e0 conduire - ETRIX Elektroroller<\/title>\n<meta name=\"description\" content=\"Acheter des deux-roues \u00e9lectriques Tendance : informations sur les scooters \u00e9lectriques, les trottinettes \u00e9lectriques et les motos \u00e9lectriques - id\u00e9ales pour les d\u00e9placements en ville, les trajets domicile-travail, les loisirs et le tout-terrain.\" \/>\n<meta name=\"robots\" content=\"index, follow, max-snippet:-1, max-image-preview:large, max-video-preview:-1\" \/>\n<link rel=\"canonical\" href=\"https:\/\/www.etrix.ch\/fr\/tous-les-types-de-scooters-electriques\/\" \/>\n<meta property=\"og:locale\" content=\"fr_FR\" \/>\n<meta property=\"og:type\" content=\"article\" \/>\n<meta property=\"og:title\" content=\"Les deux-roues \u00e9lectriques ont le vent en poupe - Durables, silencieux et agr\u00e9ables \u00e0 conduire\" \/>\n<meta property=\"og:description\" content=\"Acheter des deux-roues \u00e9lectriques Tendance : informations sur les scooters \u00e9lectriques, les trottinettes \u00e9lectriques et les motos \u00e9lectriques - id\u00e9ales pour les d\u00e9placements en ville, les trajets domicile-travail, les loisirs et le tout-terrain.\" \/>\n<meta property=\"og:url\" content=\"https:\/\/www.etrix.ch\/fr\/tous-les-types-de-scooters-electriques\/\" \/>\n<meta property=\"og:site_name\" content=\"ETRIX Elektroroller\" \/>\n<meta property=\"article:publisher\" content=\"https:\/\/m.facebook.com\/etrix.emotos\/\" \/>\n<meta property=\"article:published_time\" content=\"2025-06-15T16:44:44+00:00\" \/>\n<meta property=\"article:modified_time\" content=\"2025-06-19T08:48:42+00:00\" \/>\n<meta property=\"og:image\" content=\"https:\/\/www.etrix.ch\/media\/2025\/06\/Elektrozweiraeder.png\" \/>\n\t<meta property=\"og:image:width\" content=\"787\" \/>\n\t<meta property=\"og:image:height\" content=\"580\" \/>\n\t<meta property=\"og:image:type\" content=\"image\/png\" \/>\n<meta name=\"author\" content=\"bern\" \/>\n<meta name=\"twitter:card\" content=\"summary_large_image\" \/>\n<meta name=\"twitter:creator\" content=\"@etrixag\" \/>\n<meta name=\"twitter:site\" content=\"@etrixag\" \/>\n<meta name=\"twitter:label1\" content=\"\u00c9crit par\" \/>\n\t<meta name=\"twitter:data1\" content=\"bern\" \/>\n\t<meta name=\"twitter:label2\" content=\"Dur\u00e9e de lecture estim\u00e9e\" \/>\n\t<meta name=\"twitter:data2\" content=\"2 minutes\" \/>\n<script type=\"application\/ld+json\" class=\"yoast-schema-graph\">{\"@context\":\"https:\\\/\\\/schema.org\",\"@graph\":[{\"@type\":\"Article\",\"@id\":\"https:\\\/\\\/www.etrix.ch\\\/fr\\\/tous-les-types-de-scooters-electriques\\\/#article\",\"isPartOf\":{\"@id\":\"https:\\\/\\\/www.etrix.ch\\\/fr\\\/tous-les-types-de-scooters-electriques\\\/\"},\"author\":{\"name\":\"bern\",\"@id\":\"https:\\\/\\\/www.etrix.ch\\\/fr\\\/#\\\/schema\\\/person\\\/52902bfe9beeec4f93d8e53b50c3ab0c\"},\"headline\":\"Les deux-roues \u00e9lectriques ont le vent en poupe - Durables, silencieux et agr\u00e9ables \u00e0 conduire\",\"datePublished\":\"2025-06-15T16:44:44+00:00\",\"dateModified\":\"2025-06-19T08:48:42+00:00\",\"mainEntityOfPage\":{\"@id\":\"https:\\\/\\\/www.etrix.ch\\\/fr\\\/tous-les-types-de-scooters-electriques\\\/\"},\"wordCount\":381,\"publisher\":{\"@id\":\"https:\\\/\\\/www.etrix.ch\\\/fr\\\/#organization\"},\"image\":{\"@id\":\"https:\\\/\\\/www.etrix.ch\\\/fr\\\/tous-les-types-de-scooters-electriques\\\/#primaryimage\"},\"thumbnailUrl\":\"https:\\\/\\\/www.etrix.ch\\\/media\\\/2025\\\/06\\\/Elektrozweiraeder.png\",\"keywords\":[\"Silence\",\"zeromotorcycles\",\"Z\u00e9ro\",\"Caofan\",\"TCS\",\"Motos \u00e9lectriques\",\"Eroller\",\"Esooter\",\"Electrocross\",\"E-cross\",\"Scooter \u00e9lectrique\"],\"articleSection\":[\"Non classifi\u00e9(e)\"],\"inLanguage\":\"fr-FR\",\"copyrightYear\":\"2025\",\"copyrightHolder\":{\"@id\":\"https:\\\/\\\/www.etrix.ch\\\/#organization\"}},{\"@type\":\"WebPage\",\"@id\":\"https:\\\/\\\/www.etrix.ch\\\/fr\\\/tous-les-types-de-scooters-electriques\\\/\",\"url\":\"https:\\\/\\\/www.etrix.ch\\\/fr\\\/tous-les-types-de-scooters-electriques\\\/\",\"name\":\"Les deux-roues \u00e9lectriques ont le vent en poupe - Durables, silencieux et agr\u00e9ables \u00e0 conduire - ETRIX Elektroroller\",\"isPartOf\":{\"@id\":\"https:\\\/\\\/www.etrix.ch\\\/fr\\\/#website\"},\"primaryImageOfPage\":{\"@id\":\"https:\\\/\\\/www.etrix.ch\\\/fr\\\/tous-les-types-de-scooters-electriques\\\/#primaryimage\"},\"image\":{\"@id\":\"https:\\\/\\\/www.etrix.ch\\\/fr\\\/tous-les-types-de-scooters-electriques\\\/#primaryimage\"},\"thumbnailUrl\":\"https:\\\/\\\/www.etrix.ch\\\/media\\\/2025\\\/06\\\/Elektrozweiraeder.png\",\"datePublished\":\"2025-06-15T16:44:44+00:00\",\"dateModified\":\"2025-06-19T08:48:42+00:00\",\"description\":\"Acheter des deux-roues \u00e9lectriques Tendance : informations sur les scooters \u00e9lectriques, les trottinettes \u00e9lectriques et les motos \u00e9lectriques - id\u00e9ales pour les d\u00e9placements en ville, les trajets domicile-travail, les loisirs et le tout-terrain.\",\"breadcrumb\":{\"@id\":\"https:\\\/\\\/www.etrix.ch\\\/fr\\\/tous-les-types-de-scooters-electriques\\\/#breadcrumb\"},\"inLanguage\":\"fr-FR\",\"potentialAction\":[{\"@type\":\"ReadAction\",\"target\":[\"https:\\\/\\\/www.etrix.ch\\\/fr\\\/tous-les-types-de-scooters-electriques\\\/\"]}]},{\"@type\":\"ImageObject\",\"inLanguage\":\"fr-FR\",\"@id\":\"https:\\\/\\\/www.etrix.ch\\\/fr\\\/tous-les-types-de-scooters-electriques\\\/#primaryimage\",\"url\":\"https:\\\/\\\/www.etrix.ch\\\/media\\\/2025\\\/06\\\/Elektrozweiraeder.png\",\"contentUrl\":\"https:\\\/\\\/www.etrix.ch\\\/media\\\/2025\\\/06\\\/Elektrozweiraeder.png\",\"width\":787,\"height\":580,\"caption\":\"Scooter \u00e9lectrique E-Cross Motos \u00e9lectriques\"},{\"@type\":\"BreadcrumbList\",\"@id\":\"https:\\\/\\\/www.etrix.ch\\\/fr\\\/tous-les-types-de-scooters-electriques\\\/#breadcrumb\",\"itemListElement\":[{\"@type\":\"ListItem\",\"position\":1,\"name\":\"Accueil\",\"item\":\"https:\\\/\\\/www.etrix.ch\\\/fr\\\/\"},{\"@type\":\"ListItem\",\"position\":2,\"name\":\"Les deux-roues \u00e9lectriques ont le vent en poupe &#8211; Durables, silencieux et agr\u00e9ables \u00e0 conduire\"}]},{\"@type\":\"WebSite\",\"@id\":\"https:\\\/\\\/www.etrix.ch\\\/fr\\\/#website\",\"url\":\"https:\\\/\\\/www.etrix.ch\\\/fr\\\/\",\"name\":\"ETRIX Elektroroller\",\"description\":\"E-Motos\",\"publisher\":{\"@id\":\"https:\\\/\\\/www.etrix.ch\\\/fr\\\/#organization\"},\"potentialAction\":[{\"@type\":\"SearchAction\",\"target\":{\"@type\":\"EntryPoint\",\"urlTemplate\":\"https:\\\/\\\/www.etrix.ch\\\/fr\\\/?s={search_term_string}\"},\"query-input\":{\"@type\":\"PropertyValueSpecification\",\"valueRequired\":true,\"valueName\":\"search_term_string\"}}],\"inLanguage\":\"fr-FR\"},{\"@type\":[\"Organization\",\"Place\",\"MotorcycleDealer\"],\"@id\":\"https:\\\/\\\/www.etrix.ch\\\/fr\\\/#organization\",\"name\":\"ETRIX E-Motos\",\"url\":\"https:\\\/\\\/www.etrix.ch\\\/fr\\\/\",\"logo\":{\"@id\":\"https:\\\/\\\/www.etrix.ch\\\/fr\\\/tous-les-types-de-scooters-electriques\\\/#local-main-organization-logo\"},\"image\":{\"@id\":\"https:\\\/\\\/www.etrix.ch\\\/fr\\\/tous-les-types-de-scooters-electriques\\\/#local-main-organization-logo\"},\"sameAs\":[\"https:\\\/\\\/m.facebook.com\\\/etrix.emotos\\\/\",\"https:\\\/\\\/x.com\\\/etrixag\",\"https:\\\/\\\/www.instagram.com\\\/etrix_emotos\\\/p\\\/BtVW6bXHtNv\\\/\",\"https:\\\/\\\/www.linkedin.com\\\/company\\\/etrix-ag\",\"https:\\\/\\\/www.youtube.com\\\/channel\\\/UCSd-hJdu5u8xPUEY60jexOw\"],\"address\":{\"@id\":\"https:\\\/\\\/www.etrix.ch\\\/fr\\\/tous-les-types-de-scooters-electriques\\\/#local-main-place-address\"},\"geo\":{\"@type\":\"GeoCoordinates\",\"latitude\":\"47.43839497999372\",\"longitude\":\"8.465227605227366\"},\"telephone\":[\"043 931 00 45\"],\"openingHoursSpecification\":[{\"@type\":\"OpeningHoursSpecification\",\"dayOfWeek\":[\"Monday\",\"Sunday\"],\"opens\":\"00:00\",\"closes\":\"00:00\"},{\"@type\":\"OpeningHoursSpecification\",\"dayOfWeek\":[\"Tuesday\",\"Wednesday\",\"Thursday\",\"Friday\"],\"opens\":\"10:00\",\"closes\":\"18:00\"},{\"@type\":\"OpeningHoursSpecification\",\"dayOfWeek\":[\"Saturday\"],\"opens\":\"10:00\",\"closes\":\"15:00\"}]},{\"@type\":\"Person\",\"@id\":\"https:\\\/\\\/www.etrix.ch\\\/fr\\\/#\\\/schema\\\/person\\\/52902bfe9beeec4f93d8e53b50c3ab0c\",\"name\":\"bern\"},{\"@type\":\"PostalAddress\",\"@id\":\"https:\\\/\\\/www.etrix.ch\\\/fr\\\/tous-les-types-de-scooters-electriques\\\/#local-main-place-address\",\"streetAddress\":\"Riedthofstrasse 122\",\"addressLocality\":\"Regensdorf\",\"postalCode\":\"8105\",\"addressRegion\":\"Z\u00fcrich\",\"addressCountry\":\"CH\"},{\"@type\":\"ImageObject\",\"inLanguage\":\"fr-FR\",\"@id\":\"https:\\\/\\\/www.etrix.ch\\\/fr\\\/tous-les-types-de-scooters-electriques\\\/#local-main-organization-logo\",\"url\":\"https:\\\/\\\/www.etrix.ch\\\/media\\\/2021\\\/05\\\/ETRIX-logo.png\",\"contentUrl\":\"https:\\\/\\\/www.etrix.ch\\\/media\\\/2021\\\/05\\\/ETRIX-logo.png\",\"width\":470,\"height\":85,\"caption\":\"ETRIX E-Motos\"}]}<\/script>\n<meta name=\"geo.placename\" content=\"Regensdorf\" \/>\n<meta name=\"geo.position\" content=\"47.43839497999372;8.465227605227366\" \/>\n<meta name=\"geo.region\" content=\"Suisse\" \/>\n<!-- \/ Yoast SEO Premium plugin. -->","yoast_head_json":{"title":"Les deux-roues \u00e9lectriques ont le vent en poupe - Durables, silencieux et agr\u00e9ables \u00e0 conduire - ETRIX Elektroroller","description":"Acheter des deux-roues \u00e9lectriques Tendance : informations sur les scooters \u00e9lectriques, les trottinettes \u00e9lectriques et les motos \u00e9lectriques - id\u00e9ales pour les d\u00e9placements en ville, les trajets domicile-travail, les loisirs et le tout-terrain.","robots":{"index":"index","follow":"follow","max-snippet":"max-snippet:-1","max-image-preview":"max-image-preview:large","max-video-preview":"max-video-preview:-1"},"canonical":"https:\/\/www.etrix.ch\/fr\/tous-les-types-de-scooters-electriques\/","og_locale":"fr_FR","og_type":"article","og_title":"Les deux-roues \u00e9lectriques ont le vent en poupe - Durables, silencieux et agr\u00e9ables \u00e0 conduire","og_description":"Acheter des deux-roues \u00e9lectriques Tendance : informations sur les scooters \u00e9lectriques, les trottinettes \u00e9lectriques et les motos \u00e9lectriques - id\u00e9ales pour les d\u00e9placements en ville, les trajets domicile-travail, les loisirs et le tout-terrain.","og_url":"https:\/\/www.etrix.ch\/fr\/tous-les-types-de-scooters-electriques\/","og_site_name":"ETRIX Elektroroller","article_publisher":"https:\/\/m.facebook.com\/etrix.emotos\/","article_published_time":"2025-06-15T16:44:44+00:00","article_modified_time":"2025-06-19T08:48:42+00:00","og_image":[{"width":787,"height":580,"url":"https:\/\/www.etrix.ch\/media\/2025\/06\/Elektrozweiraeder.png","type":"image\/png"}],"author":"bern","twitter_card":"summary_large_image","twitter_creator":"@etrixag","twitter_site":"@etrixag","twitter_misc":{"\u00c9crit par":"bern","Dur\u00e9e de lecture estim\u00e9e":"2 minutes"},"schema":{"@context":"https:\/\/schema.org","@graph":[{"@type":"Article","@id":"https:\/\/www.etrix.ch\/fr\/tous-les-types-de-scooters-electriques\/#article","isPartOf":{"@id":"https:\/\/www.etrix.ch\/fr\/tous-les-types-de-scooters-electriques\/"},"author":{"name":"bern","@id":"https:\/\/www.etrix.ch\/fr\/#\/schema\/person\/52902bfe9beeec4f93d8e53b50c3ab0c"},"headline":"Les deux-roues \u00e9lectriques ont le vent en poupe - Durables, silencieux et agr\u00e9ables \u00e0 conduire","datePublished":"2025-06-15T16:44:44+00:00","dateModified":"2025-06-19T08:48:42+00:00","mainEntityOfPage":{"@id":"https:\/\/www.etrix.ch\/fr\/tous-les-types-de-scooters-electriques\/"},"wordCount":381,"publisher":{"@id":"https:\/\/www.etrix.ch\/fr\/#organization"},"image":{"@id":"https:\/\/www.etrix.ch\/fr\/tous-les-types-de-scooters-electriques\/#primaryimage"},"thumbnailUrl":"https:\/\/www.etrix.ch\/media\/2025\/06\/Elektrozweiraeder.png","keywords":["Silence","zeromotorcycles","Z\u00e9ro","Caofan","TCS","Motos \u00e9lectriques","Eroller","Esooter","Electrocross","E-cross","Scooter \u00e9lectrique"],"articleSection":["Non classifi\u00e9(e)"],"inLanguage":"fr-FR","copyrightYear":"2025","copyrightHolder":{"@id":"https:\/\/www.etrix.ch\/#organization"}},{"@type":"WebPage","@id":"https:\/\/www.etrix.ch\/fr\/tous-les-types-de-scooters-electriques\/","url":"https:\/\/www.etrix.ch\/fr\/tous-les-types-de-scooters-electriques\/","name":"Les deux-roues \u00e9lectriques ont le vent en poupe - Durables, silencieux et agr\u00e9ables \u00e0 conduire - ETRIX Elektroroller","isPartOf":{"@id":"https:\/\/www.etrix.ch\/fr\/#website"},"primaryImageOfPage":{"@id":"https:\/\/www.etrix.ch\/fr\/tous-les-types-de-scooters-electriques\/#primaryimage"},"image":{"@id":"https:\/\/www.etrix.ch\/fr\/tous-les-types-de-scooters-electriques\/#primaryimage"},"thumbnailUrl":"https:\/\/www.etrix.ch\/media\/2025\/06\/Elektrozweiraeder.png","datePublished":"2025-06-15T16:44:44+00:00","dateModified":"2025-06-19T08:48:42+00:00","description":"Acheter des deux-roues \u00e9lectriques Tendance : informations sur les scooters \u00e9lectriques, les trottinettes \u00e9lectriques et les motos \u00e9lectriques - id\u00e9ales pour les d\u00e9placements en ville, les trajets domicile-travail, les loisirs et le tout-terrain.","breadcrumb":{"@id":"https:\/\/www.etrix.ch\/fr\/tous-les-types-de-scooters-electriques\/#breadcrumb"},"inLanguage":"fr-FR","potentialAction":[{"@type":"ReadAction","target":["https:\/\/www.etrix.ch\/fr\/tous-les-types-de-scooters-electriques\/"]}]},{"@type":"ImageObject","inLanguage":"fr-FR","@id":"https:\/\/www.etrix.ch\/fr\/tous-les-types-de-scooters-electriques\/#primaryimage","url":"https:\/\/www.etrix.ch\/media\/2025\/06\/Elektrozweiraeder.png","contentUrl":"https:\/\/www.etrix.ch\/media\/2025\/06\/Elektrozweiraeder.png","width":787,"height":580,"caption":"Scooter \u00e9lectrique E-Cross Motos \u00e9lectriques"},{"@type":"BreadcrumbList","@id":"https:\/\/www.etrix.ch\/fr\/tous-les-types-de-scooters-electriques\/#breadcrumb","itemListElement":[{"@type":"ListItem","position":1,"name":"Accueil","item":"https:\/\/www.etrix.ch\/fr\/"},{"@type":"ListItem","position":2,"name":"Les deux-roues \u00e9lectriques ont le vent en poupe &#8211; Durables, silencieux et agr\u00e9ables \u00e0 conduire"}]},{"@type":"WebSite","@id":"https:\/\/www.etrix.ch\/fr\/#website","url":"https:\/\/www.etrix.ch\/fr\/","name":"ETRIX Elektroroller","description":"E-Motos","publisher":{"@id":"https:\/\/www.etrix.ch\/fr\/#organization"},"potentialAction":[{"@type":"SearchAction","target":{"@type":"EntryPoint","urlTemplate":"https:\/\/www.etrix.ch\/fr\/?s={search_term_string}"},"query-input":{"@type":"PropertyValueSpecification","valueRequired":true,"valueName":"search_term_string"}}],"inLanguage":"fr-FR"},{"@type":["Organization","Place","MotorcycleDealer"],"@id":"https:\/\/www.etrix.ch\/fr\/#organization","name":"ETRIX E-Motos","url":"https:\/\/www.etrix.ch\/fr\/","logo":{"@id":"https:\/\/www.etrix.ch\/fr\/tous-les-types-de-scooters-electriques\/#local-main-organization-logo"},"image":{"@id":"https:\/\/www.etrix.ch\/fr\/tous-les-types-de-scooters-electriques\/#local-main-organization-logo"},"sameAs":["https:\/\/m.facebook.com\/etrix.emotos\/","https:\/\/x.com\/etrixag","https:\/\/www.instagram.com\/etrix_emotos\/p\/BtVW6bXHtNv\/","https:\/\/www.linkedin.com\/company\/etrix-ag","https:\/\/www.youtube.com\/channel\/UCSd-hJdu5u8xPUEY60jexOw"],"address":{"@id":"https:\/\/www.etrix.ch\/fr\/tous-les-types-de-scooters-electriques\/#local-main-place-address"},"geo":{"@type":"GeoCoordinates","latitude":"47.43839497999372","longitude":"8.465227605227366"},"telephone":["043 931 00 45"],"openingHoursSpecification":[{"@type":"OpeningHoursSpecification","dayOfWeek":["Monday","Sunday"],"opens":"00:00","closes":"00:00"},{"@type":"OpeningHoursSpecification","dayOfWeek":["Tuesday","Wednesday","Thursday","Friday"],"opens":"10:00","closes":"18:00"},{"@type":"OpeningHoursSpecification","dayOfWeek":["Saturday"],"opens":"10:00","closes":"15:00"}]},{"@type":"Person","@id":"https:\/\/www.etrix.ch\/fr\/#\/schema\/person\/52902bfe9beeec4f93d8e53b50c3ab0c","name":"bern"},{"@type":"PostalAddress","@id":"https:\/\/www.etrix.ch\/fr\/tous-les-types-de-scooters-electriques\/#local-main-place-address","streetAddress":"Riedthofstrasse 122","addressLocality":"Regensdorf","postalCode":"8105","addressRegion":"Z\u00fcrich","addressCountry":"CH"},{"@type":"ImageObject","inLanguage":"fr-FR","@id":"https:\/\/www.etrix.ch\/fr\/tous-les-types-de-scooters-electriques\/#local-main-organization-logo","url":"https:\/\/www.etrix.ch\/media\/2021\/05\/ETRIX-logo.png","contentUrl":"https:\/\/www.etrix.ch\/media\/2021\/05\/ETRIX-logo.png","width":470,"height":85,"caption":"ETRIX E-Motos"}]},"geo.placename":"Regensdorf","geo.position":{"lat":"47.43839497999372","long":"8.465227605227366"},"geo.region":"Suisse"},"_links":{"self":[{"href":"https:\/\/www.etrix.ch\/fr\/wp-json\/wp\/v2\/posts\/35075","targetHints":{"allow":["GET"]}}],"collection":[{"href":"https:\/\/www.etrix.ch\/fr\/wp-json\/wp\/v2\/posts"}],"about":[{"href":"https:\/\/www.etrix.ch\/fr\/wp-json\/wp\/v2\/types\/post"}],"author":[{"embeddable":true,"href":"https:\/\/www.etrix.ch\/fr\/wp-json\/wp\/v2\/users\/147"}],"replies":[{"embeddable":true,"href":"https:\/\/www.etrix.ch\/fr\/wp-json\/wp\/v2\/comments?post=35075"}],"version-history":[{"count":0,"href":"https:\/\/www.etrix.ch\/fr\/wp-json\/wp\/v2\/posts\/35075\/revisions"}],"wp:featuredmedia":[{"embeddable":true,"href":"https:\/\/www.etrix.ch\/fr\/wp-json\/wp\/v2\/media\/35130"}],"wp:attachment":[{"href":"https:\/\/www.etrix.ch\/fr\/wp-json\/wp\/v2\/media?parent=35075"}],"wp:term":[{"taxonomy":"category","embeddable":true,"href":"https:\/\/www.etrix.ch\/fr\/wp-json\/wp\/v2\/categories?post=35075"},{"taxonomy":"post_tag","embeddable":true,"href":"https:\/\/www.etrix.ch\/fr\/wp-json\/wp\/v2\/tags?post=35075"}],"curies":[{"name":"wp","href":"https:\/\/api.w.org\/{rel}","templated":true}]}}