{"id":33656,"date":"2025-03-20T17:31:01","date_gmt":"2025-03-20T16:31:01","guid":{"rendered":"https:\/\/www.etrix.ch\/etrix-spring-event17-mai-2025a-regensdorf\/"},"modified":"2025-06-26T11:39:28","modified_gmt":"2025-06-26T09:39:28","slug":"etrix-spring-event17-mai-2025a-regensdorf","status":"publish","type":"post","link":"https:\/\/www.etrix.ch\/fr\/etrix-spring-event17-mai-2025a-regensdorf\/","title":{"rendered":"ETRIX F\u00eate du Printemps 2025 - Action, divertissement et plaisir pour tous !"},"content":{"rendered":"\n<div class=\"wp-block-columns alignfull is-style-spalte-top-bild is-layout-flex wp-container-core-columns-is-layout-9d6595d7 wp-block-columns-is-layout-flex\">\n<div class=\"wp-block-column is-style-top-bild-mask has-accent-color has-text-color is-layout-flow wp-block-column-is-layout-flow\">\n<figure class=\"wp-block-image alignfull size-full is-style-bild-center\"><img decoding=\"async\" width=\"2560\" height=\"900\" src=\"https:\/\/www.etrix.ch\/media\/2025\/03\/SliderSpringEvent-1.png\" alt=\"\u00c9v\u00e9nement de saut de slider\" class=\"wp-image-33682\" srcset=\"https:\/\/www.etrix.ch\/media\/2025\/03\/SliderSpringEvent-1.png 2560w, https:\/\/www.etrix.ch\/media\/2025\/03\/SliderSpringEvent-1-300x106.png 300w, https:\/\/www.etrix.ch\/media\/2025\/03\/SliderSpringEvent-1-1024x360.png 1024w, https:\/\/www.etrix.ch\/media\/2025\/03\/SliderSpringEvent-1-768x270.png 768w, https:\/\/www.etrix.ch\/media\/2025\/03\/SliderSpringEvent-1-1536x540.png 1536w, https:\/\/www.etrix.ch\/media\/2025\/03\/SliderSpringEvent-1-2048x720.png 2048w, https:\/\/www.etrix.ch\/media\/2025\/03\/SliderSpringEvent-1-1320x464.png 1320w, https:\/\/www.etrix.ch\/media\/2025\/03\/SliderSpringEvent-1-900x317.png 900w\" sizes=\"(max-width: 2560px) 100vw, 2560px\"><figcaption class=\"wp-element-caption\">Caofen F80 \u00e0 l\u2019eMoto Urban Cup<\/figcaption><\/figure>\n<\/div>\n<\/div>\n\n<div class=\"wp-block-columns is-layout-flex wp-container-core-columns-is-layout-9d6595d7 wp-block-columns-is-layout-flex\">\n<div class=\"wp-block-column is-layout-flow wp-block-column-is-layout-flow\">\n<div class=\"wp-block-columns is-layout-flex wp-container-core-columns-is-layout-9d6595d7 wp-block-columns-is-layout-flex\">\n<div class=\"wp-block-column is-layout-flow wp-block-column-is-layout-flow\" style=\"flex-basis:15%\"><\/div>\n\n\n\n<div class=\"wp-block-column is-layout-flow wp-block-column-is-layout-flow\" style=\"flex-basis:70%\"><h1 class=\"wp-block-post-title\">ETRIX F\u00eate du Printemps 2025 - Action, divertissement et plaisir pour tous !<\/h1>\n\n\n<p>Cette ann\u00e9e encore, ETRIX organise la F\u00eate du Printemps. Le Spring Event propose une multitude de nouveaux produits, de collaborations et d\u2019attractions. Il y en aura pour tout le monde, <strong>car<\/strong> le choix est vaste.  <\/p>\n\n\n\n<p>Nous ouvrons nos portes \u00e0 10 heures pour une journ\u00e9e pleine de moments forts.<\/p>\n\n\n\n<p><strong>Nouveau : TCS microcorner &amp; ouverture du showroom<\/strong><br>Assistez \u00e0 l\u2019ouverture officielle de notre nouveau showroom et d\u00e9couvrez le tout nouveau <a href=\"Neu:%20TCS%20microcorner%20&amp;%20Showroom-Er%C3%B6ffnung%20Erlebe%20die%20offizielle%20Er%C3%B6ffnung%20unseres%20neuen%20Showrooms%20und%20entdecke%20den%20brandneuen%20TCS%20microcorner.\">TCS microcorner.<\/a><\/p>\n\n\n\n<p><strong>Essais de tous les v\u00e9hicules \u00e9lectriques<\/strong><br>Que ce soit un scooter \u00e9lectrique, un v\u00e9lo \u00e9lectrique ou une voiture \u00e9lectrique, essayez toute notre flotte !<\/p>\n\n\n\n<p><strong>Parcours de trottinettes \u00e9lectriques<\/strong><br>Montrez vos talents de pilote et ma\u00eetrisez le parcours passionnant.<\/p>\n\n\n\n<p><strong>Sp\u00e9cial : offres anniversaire<\/strong><br>Uniquement le jour de l\u2019\u00e9v\u00e9nement : remises exclusives et promotions sp\u00e9ciales pour l\u2019anniversaire de l\u2019entreprise.<\/p>\n\n\n\n<p><strong>Course de motos seniors<\/strong><br>Une course d\u2019un genre particulier - plaisir et suspense garantis !<\/p>\n\n\n\n<p><strong>Les d\u00e9l<\/strong>ices <strong>culinaires du barbecue &amp; plus encore<\/strong><br>Porcelet \u00e0 coudre, saucisses \u00e0 griller et raclette - il y en a pour tous les go\u00fbts.<\/p>\n\n\n\n<p><strong>Rafra\u00eechissements &amp; boissons au bar<\/strong><br>Profitez de boissons fra\u00eeches, de cocktails raffin\u00e9s et d\u2019une bonne compagnie.<\/p>\n\n\n\n<p><strong>Tentation sucr\u00e9e : caf\u00e9 et g\u00e2teaux<\/strong><br>Une fin agr\u00e9able avec de d\u00e9licieux desserts et des sp\u00e9cialit\u00e9s de caf\u00e9.<\/p>\n\n\n\n<p><strong>Musique &amp; ambiance avec DJ<\/strong><br>Notre DJ vous accompagnera toute la journ\u00e9e avec de la bonne musique.<\/p>\n\n\n\n<div style=\"height:49px\" aria-hidden=\"true\" class=\"wp-block-spacer\"><\/div>\n\n\n\n<figure class=\"wp-block-gallery has-nested-images columns-default is-cropped wp-block-gallery-1 is-layout-flex wp-block-gallery-is-layout-flex\">\n<figure class=\"wp-block-image size-large\"><img decoding=\"async\" width=\"1024\" height=\"683\" data-id=\"32603\" src=\"https:\/\/www.etrix.ch\/media\/2024\/12\/zero-xb-strand-2-min-1024x683.jpeg\" alt=\"Z\u00e9ro Xb  \" class=\"wp-image-32603\" srcset=\"https:\/\/www.etrix.ch\/media\/2024\/12\/zero-xb-strand-2-min-1024x683.jpeg 1024w, https:\/\/www.etrix.ch\/media\/2024\/12\/zero-xb-strand-2-min-300x200.jpeg 300w, https:\/\/www.etrix.ch\/media\/2024\/12\/zero-xb-strand-2-min-768x512.jpeg 768w, https:\/\/www.etrix.ch\/media\/2024\/12\/zero-xb-strand-2-min-1536x1024.jpeg 1536w, https:\/\/www.etrix.ch\/media\/2024\/12\/zero-xb-strand-2-min-1320x880.jpeg 1320w, https:\/\/www.etrix.ch\/media\/2024\/12\/zero-xb-strand-2-min-900x600.jpeg 900w, https:\/\/www.etrix.ch\/media\/2024\/12\/zero-xb-strand-2-min.jpeg 1920w\" sizes=\"(max-width: 1024px) 100vw, 1024px\"><\/figure>\n\n\n\n<figure class=\"wp-block-image size-large\"><img decoding=\"async\" width=\"1024\" height=\"683\" data-id=\"34141\" src=\"https:\/\/www.etrix.ch\/media\/2025\/04\/felo-fw-03-elektroroller-etrix-red-blue-in-fahrt-min-1024x683.jpg\" alt=\"Felo Fw 03 Scooter \u00e9lectrique Etrix Red Blue En route\" class=\"wp-image-34141\" srcset=\"https:\/\/www.etrix.ch\/media\/2025\/04\/felo-fw-03-elektroroller-etrix-red-blue-in-fahrt-min-1024x683.jpg 1024w, https:\/\/www.etrix.ch\/media\/2025\/04\/felo-fw-03-elektroroller-etrix-red-blue-in-fahrt-min-300x200.jpg 300w, https:\/\/www.etrix.ch\/media\/2025\/04\/felo-fw-03-elektroroller-etrix-red-blue-in-fahrt-min-768x512.jpg 768w, https:\/\/www.etrix.ch\/media\/2025\/04\/felo-fw-03-elektroroller-etrix-red-blue-in-fahrt-min-1536x1024.jpg 1536w, https:\/\/www.etrix.ch\/media\/2025\/04\/felo-fw-03-elektroroller-etrix-red-blue-in-fahrt-min-1320x880.jpg 1320w, https:\/\/www.etrix.ch\/media\/2025\/04\/felo-fw-03-elektroroller-etrix-red-blue-in-fahrt-min-900x600.jpg 900w, https:\/\/www.etrix.ch\/media\/2025\/04\/felo-fw-03-elektroroller-etrix-red-blue-in-fahrt-min.jpg 1920w\" sizes=\"(max-width: 1024px) 100vw, 1024px\"><\/figure>\n\n\n\n<figure class=\"wp-block-image size-large\"><img decoding=\"async\" width=\"1024\" height=\"768\" data-id=\"34198\" src=\"https:\/\/www.etrix.ch\/media\/2025\/04\/felo-m1-elektroroller-etrix-white-yellow-6-1024x768.jpg\" alt=\"Scooter \u00e9lectrique Felo M1 Etrix  \" class=\"wp-image-34198\" srcset=\"https:\/\/www.etrix.ch\/media\/2025\/04\/felo-m1-elektroroller-etrix-white-yellow-6-1024x768.jpg 1024w, https:\/\/www.etrix.ch\/media\/2025\/04\/felo-m1-elektroroller-etrix-white-yellow-6-300x225.jpg 300w, https:\/\/www.etrix.ch\/media\/2025\/04\/felo-m1-elektroroller-etrix-white-yellow-6-768x576.jpg 768w, https:\/\/www.etrix.ch\/media\/2025\/04\/felo-m1-elektroroller-etrix-white-yellow-6-1536x1152.jpg 1536w, https:\/\/www.etrix.ch\/media\/2025\/04\/felo-m1-elektroroller-etrix-white-yellow-6-1320x990.jpg 1320w, https:\/\/www.etrix.ch\/media\/2025\/04\/felo-m1-elektroroller-etrix-white-yellow-6-900x675.jpg 900w, https:\/\/www.etrix.ch\/media\/2025\/04\/felo-m1-elektroroller-etrix-white-yellow-6.jpg 2000w\" sizes=\"(max-width: 1024px) 100vw, 1024px\"><\/figure>\n\n\n\n<figure class=\"wp-block-image size-large\"><img decoding=\"async\" width=\"1024\" height=\"768\" data-id=\"33987\" src=\"https:\/\/www.etrix.ch\/media\/2025\/04\/ecooter-e2-urban-zuerich-4-min-1024x768.jpg\" alt=\"Ecooter E2 Urban\" class=\"wp-image-33987\" srcset=\"https:\/\/www.etrix.ch\/media\/2025\/04\/ecooter-e2-urban-zuerich-4-min-1024x768.jpg 1024w, https:\/\/www.etrix.ch\/media\/2025\/04\/ecooter-e2-urban-zuerich-4-min-300x225.jpg 300w, https:\/\/www.etrix.ch\/media\/2025\/04\/ecooter-e2-urban-zuerich-4-min-768x576.jpg 768w, https:\/\/www.etrix.ch\/media\/2025\/04\/ecooter-e2-urban-zuerich-4-min-1536x1152.jpg 1536w, https:\/\/www.etrix.ch\/media\/2025\/04\/ecooter-e2-urban-zuerich-4-min-1320x990.jpg 1320w, https:\/\/www.etrix.ch\/media\/2025\/04\/ecooter-e2-urban-zuerich-4-min-900x675.jpg 900w, https:\/\/www.etrix.ch\/media\/2025\/04\/ecooter-e2-urban-zuerich-4-min.jpg 2000w\" sizes=\"(max-width: 1024px) 100vw, 1024px\"><\/figure>\n\n\n\n<figure class=\"wp-block-image size-large\"><img decoding=\"async\" width=\"1024\" height=\"768\" data-id=\"34621\" src=\"https:\/\/www.etrix.ch\/media\/2025\/05\/M1_seite-1024x768.jpeg\" alt=\"Ecooter M1\" class=\"wp-image-34621\" srcset=\"https:\/\/www.etrix.ch\/media\/2025\/05\/M1_seite-1024x768.jpeg 1024w, https:\/\/www.etrix.ch\/media\/2025\/05\/M1_seite-300x225.jpeg 300w, https:\/\/www.etrix.ch\/media\/2025\/05\/M1_seite-768x576.jpeg 768w, https:\/\/www.etrix.ch\/media\/2025\/05\/M1_seite-900x675.jpeg 900w, https:\/\/www.etrix.ch\/media\/2025\/05\/M1_seite.jpeg 1280w\" sizes=\"(max-width: 1024px) 100vw, 1024px\"><\/figure>\n\n\n\n<figure class=\"wp-block-image size-large\"><img decoding=\"async\" width=\"1024\" height=\"682\" data-id=\"18677\" src=\"https:\/\/www.etrix.ch\/media\/2023\/02\/caofen-f80-etrix-elektro-crossbike-emotion-im-wald-1024x682.jpg\" alt=\"Caofen F80 Etrix V\u00e9lo de cross \u00e9lectrique  \" class=\"wp-image-18677\" srcset=\"https:\/\/www.etrix.ch\/media\/2023\/02\/caofen-f80-etrix-elektro-crossbike-emotion-im-wald-1024x682.jpg 1024w, https:\/\/www.etrix.ch\/media\/2023\/02\/caofen-f80-etrix-elektro-crossbike-emotion-im-wald-900x600.jpg 900w, https:\/\/www.etrix.ch\/media\/2023\/02\/caofen-f80-etrix-elektro-crossbike-emotion-im-wald-300x200.jpg 300w, https:\/\/www.etrix.ch\/media\/2023\/02\/caofen-f80-etrix-elektro-crossbike-emotion-im-wald-768x512.jpg 768w, https:\/\/www.etrix.ch\/media\/2023\/02\/caofen-f80-etrix-elektro-crossbike-emotion-im-wald-1536x1024.jpg 1536w, https:\/\/www.etrix.ch\/media\/2023\/02\/caofen-f80-etrix-elektro-crossbike-emotion-im-wald-1320x880.jpg 1320w, https:\/\/www.etrix.ch\/media\/2023\/02\/caofen-f80-etrix-elektro-crossbike-emotion-im-wald.jpg 2000w\" sizes=\"(max-width: 1024px) 100vw, 1024px\"><\/figure>\n<\/figure>\n\n\n\n<p><\/p>\n\n\n\n<div class=\"wp-block-media-text has-media-on-the-right is-stacked-on-mobile logo-page\" style=\"grid-template-columns:auto 25%\"><div class=\"wp-block-media-text__content\">\n<p class=\"has-contrast-color has-text-color has-link-color wp-elements-f46bde2f09ee3034437baa70e34ee9df\"><strong>TCS microcorner<\/strong> <\/p>\n\n\n\n<p class=\"has-contrast-color has-text-color has-link-color wp-elements-753bc1fa834182217ded120ae69f2eeb\"><strong>TCS microcorner maintenant \u00e0 Regensdorf<\/strong><br>Avec ce nouveau magasin, TCS microcorner ouvre un showroom innovant pour l\u2019e-mobilit\u00e9. Les visiteurs y trouveront un large choix de scooters, scooters et microcars \u00e9lectriques, id\u00e9aux pour la vie quotidienne en ville. Les mod\u00e8les peuvent \u00eatre test\u00e9s sur place et compar\u00e9s avec des conseils personnalis\u00e9s. Les membres du TCS b\u00e9n\u00e9ficient en outre d\u2019offres de financement et de services int\u00e9ressantes. Une visite s\u2019impose pour tous ceux qui veulent vivre la mobilit\u00e9 durable en direct.    <\/p>\n\n\n\n<p>Plus d\u2019informations sur : <a class=\"\" href=\"https:\/\/www.microcorner.ch\/\"><strong>microcorner.ch<\/strong><\/a><\/p>\n<\/div><figure class=\"wp-block-media-text__media\"><img decoding=\"async\" width=\"363\" height=\"90\" src=\"https:\/\/www.etrix.ch\/media\/2025\/03\/logo_tcs_mc_combi_online_rgb.svg\" alt=\"Tcs Microcorner\" class=\"wp-image-34701 size-full\"><\/figure><\/div>\n\n\n\n<div style=\"height:49px\" aria-hidden=\"true\" class=\"wp-block-spacer\"><\/div>\n\n\n\n<div class=\"wp-block-media-text has-media-on-the-right is-stacked-on-mobile logo-page\" style=\"grid-template-columns:auto 25%\"><div class=\"wp-block-media-text__content\">\n<p><strong>KKnipsbox - la bo\u00eete \u00e0 photos intelligente pour votre \u00e9v\u00e9nement<\/strong><br>Qu\u2019il s\u2019agisse d\u2019un mariage, d\u2019un anniversaire ou d\u2019une f\u00eate d\u2019entreprise, la bo\u00eete \u00e0 photos apporte du plaisir et des photos de qualit\u00e9 \u00e0 chaque \u00e9v\u00e9nement.<\/p>\n\n\n\n<p><strong>Ce qu\u2019il y a dedans :<\/strong><br>\u2714 Facile \u00e0 utiliser<br>\u2714 iPad, accessoires &amp; galerie prot\u00e9g\u00e9e par mot de passe<br>\u2714 Photos num\u00e9riques illimit\u00e9es<br>\u2714 Extras en option comme l\u2019impression de photos, les arri\u00e8re-plans &amp; les mises en page<\/p>\n\n\n\n<p>Avec plus de 10 ans d\u2019exp\u00e9rience, Knipsbox propose des solutions personnalis\u00e9es et des sites flexibles \u00e0 Zurich, en Argovie et dans la vall\u00e9e du Rhin.<\/p>\n\n\n\n<p>Plus d\u2019informations et r\u00e9servation sur <a href=\"https:\/\/www.knipsbox.ch\/\"><strong>knipsbox.ch<\/strong><\/a><\/p>\n<\/div><figure class=\"wp-block-media-text__media\"><img decoding=\"async\" width=\"599\" height=\"172\" src=\"https:\/\/www.etrix.ch\/media\/2025\/03\/KB_Logo_b_rgb.jpg\" alt=\"Knipsbox.ch\" class=\"wp-image-34660 size-full\" srcset=\"https:\/\/www.etrix.ch\/media\/2025\/03\/KB_Logo_b_rgb.jpg 599w, https:\/\/www.etrix.ch\/media\/2025\/03\/KB_Logo_b_rgb-300x86.jpg 300w, https:\/\/www.etrix.ch\/media\/2025\/03\/KB_Logo_b_rgb-350x100.jpg 350w\" sizes=\"(max-width: 599px) 100vw, 599px\"><\/figure><\/div>\n\n\n\n<div style=\"height:49px\" aria-hidden=\"true\" class=\"wp-block-spacer\"><\/div>\n\n\n\n<div class=\"wp-block-media-text has-media-on-the-right is-stacked-on-mobile logo-page\" style=\"grid-template-columns:auto 25%\"><div class=\"wp-block-media-text__content\">\n<p><strong>Healing Hugs - Consolation en laine<\/strong><br>Lukas, 16 ans, originaire de Suisse, croch\u00e8te avec amour des peluches pour les enfants gravement malades de l\u2019h\u00f4pital pour enfants de Zurich - inspir\u00e9 par la perte de sa petite s\u0153ur Lara.<\/p>\n\n\n\n<p>Ses \u00ab\u00a0Healing Hugs\u00a0\u00bb faits main donnent du courage, de la s\u00e9curit\u00e9 et un sourire dans les moments difficiles. Avec c\u0153ur et d\u00e9vouement, Lukas poursuit un objectif : aucun enfant ne doit rester seul dans le quotidien de l\u2019h\u00f4pital. <\/p>\n\n\n\n<p>Pour en savoir plus sur le projet et les possibilit\u00e9s de soutien, rendez-vous sur <a href=\"https:\/\/www.healinghugs.ch\/\"><strong>healinghugs.ch<\/strong><\/a><\/p>\n<\/div><figure class=\"wp-block-media-text__media\"><img decoding=\"async\" width=\"171\" height=\"165\" src=\"https:\/\/www.etrix.ch\/media\/2025\/03\/healinghugs-logo2.webp\" alt=\"Healinghugs  \" class=\"wp-image-34673 size-full\"><\/figure><\/div>\n\n\n\n<div style=\"height:49px\" aria-hidden=\"true\" class=\"wp-block-spacer\"><\/div>\n\n\n\n<div class=\"wp-block-media-text has-media-on-the-right is-stacked-on-mobile logo-page\" style=\"grid-template-columns:auto 25%\"><div class=\"wp-block-media-text__content\">\n<p><strong>Faible Moments - Des bougies qui cr\u00e9ent des souvenirs<\/strong><br>Faible Moments est une boutique en ligne suisse de bougies personnalis\u00e9es et fabriqu\u00e9es \u00e0 la main - con\u00e7ues avec amour pour les mariages, les bapt\u00eames, les anniversaires et les cadeaux sp\u00e9ciaux.<\/p>\n\n\n\n<p>Chaque bougie est unique : d\u00e9cor\u00e9e individuellement selon vos souhaits avec des noms, des dates, des phrases ou des photos. De haute qualit\u00e9, personnelle et faite avec beaucoup de c\u0153ur. <\/p>\n\n\n\n<p>D\u00e9couvrez la diversit\u00e9 des designs et laissez-vous inspirer : <a href=\"https:\/\/www.faible-moments.ch\/\"><strong>www.faible-moments.ch<\/strong><\/a><\/p>\n<\/div><figure class=\"wp-block-media-text__media\"><img decoding=\"async\" width=\"1017\" height=\"1013\" src=\"https:\/\/www.etrix.ch\/media\/2025\/03\/faible-moments.jpg\" alt=\"Moments de Faible\" class=\"wp-image-34681 size-full\" srcset=\"https:\/\/www.etrix.ch\/media\/2025\/03\/faible-moments.jpg 1017w, https:\/\/www.etrix.ch\/media\/2025\/03\/faible-moments-300x300.jpg 300w, https:\/\/www.etrix.ch\/media\/2025\/03\/faible-moments-150x150.jpg 150w, https:\/\/www.etrix.ch\/media\/2025\/03\/faible-moments-768x765.jpg 768w, https:\/\/www.etrix.ch\/media\/2025\/03\/faible-moments-900x896.jpg 900w, https:\/\/www.etrix.ch\/media\/2025\/03\/faible-moments-100x100.jpg 100w\" sizes=\"(max-width: 1017px) 100vw, 1017px\"><\/figure><\/div>\n\n\n\n<div style=\"height:49px\" aria-hidden=\"true\" class=\"wp-block-spacer\"><\/div>\n\n\n\n<div class=\"wp-block-media-text has-media-on-the-right is-stacked-on-mobile logo-page\" style=\"grid-template-columns:auto 25%\"><div class=\"wp-block-media-text__content\">\n<p><strong>Pet &amp; Co.<\/strong> est votre boutique en ligne suisse pour des <strong>accessoires<\/strong> \u00e9l\u00e9gants et <strong>Pet &amp; Co. - Des accessoires \u00e9l\u00e9gants pour votre animal de compagnie<\/strong><br>Des sacs haut de gamme aux accessoires adorables pour chiens et chats, Pet &amp; Co. allie design, confort et qualit\u00e9.<\/p>\n\n\n\n<p><strong>Vos avantages :<\/strong><br>\u2714 Livraison gratuite (CH, 3-4 jours)<br>\u2714 Conseil personnalis\u00e9 &amp; garantie de remboursement<br>\u2714 Recommand\u00e9 par les v\u00e9t\u00e9rinaires<\/p>\n\n\n\n<p>D\u00e9couvrez des accessoires exclusifs sur<strong>petandco.ch<\/strong>et choyez votre compagnon \u00e0 quatre pattes avec style.<\/p>\n<\/div><figure class=\"wp-block-media-text__media\"><img decoding=\"async\" width=\"142\" height=\"100\" src=\"https:\/\/www.etrix.ch\/media\/2025\/03\/petandco-logo.avif\" alt=\"Petandco  \" class=\"wp-image-34677 size-full\"><\/figure><\/div>\n\n\n\n<div style=\"height:49px\" aria-hidden=\"true\" class=\"wp-block-spacer\"><\/div>\n\n\n\n<div class=\"wp-block-media-text has-media-on-the-right is-stacked-on-mobile logo-page\" style=\"grid-template-columns:auto 25%\"><div class=\"wp-block-media-text__content\">\n<p><strong>JustVanilla - La vraie vanille issue d\u2019une culture \u00e9quitable<\/strong><br>Gousses de vanille de haute qualit\u00e9, extraits et id\u00e9es cadeaux cr\u00e9atives - s\u00e9lectionn\u00e9es \u00e0 la main et trait\u00e9es avec amour en Suisse. Parfait pour les p\u00e2tissiers amateurs, les gourmets et les professionnels. <\/p>\n\n\n\n<p><strong>Ce qui rend JustVanilla sp\u00e9cial :<\/strong><br>\u2714 Collaboration directe avec 100+ cultivateurs en Indon\u00e9sie<br>\u2714 Durable, \u00e9quitable &amp; transform\u00e9 en Suisse<br>\u2714 Abonnement vanille \u00ab\u00a0Gnussletter\u00a0\u00bb avec inspiration mensuelle<\/p>\n\n\n\n<p>Pour en savoir plus, rendez-vous sur<strong>justvanilla.ch<\/strong> - pour un vrai plaisir dans votre cuisine.<\/p>\n<\/div><figure class=\"wp-block-media-text__media\"><img decoding=\"async\" width=\"1024\" height=\"669\" src=\"https:\/\/www.etrix.ch\/media\/2025\/03\/justvanilla-1024x669.png\" alt=\"Justvanilla\" class=\"wp-image-34685 size-full\" srcset=\"https:\/\/www.etrix.ch\/media\/2025\/03\/justvanilla-1024x669.png 1024w, https:\/\/www.etrix.ch\/media\/2025\/03\/justvanilla-300x196.png 300w, https:\/\/www.etrix.ch\/media\/2025\/03\/justvanilla-768x502.png 768w, https:\/\/www.etrix.ch\/media\/2025\/03\/justvanilla-900x588.png 900w, https:\/\/www.etrix.ch\/media\/2025\/03\/justvanilla.png 1026w\" sizes=\"(max-width: 1024px) 100vw, 1024px\"><\/figure><\/div>\n\n\n\n<div style=\"height:49px\" aria-hidden=\"true\" class=\"wp-block-spacer\"><\/div>\n\n\n\n<div class=\"wp-block-media-text has-media-on-the-right is-stacked-on-mobile logo-page\" style=\"grid-template-columns:auto 25%\"><div class=\"wp-block-media-text__content\">\n<p><strong>Fahrschule Koch - depuis plus de 50 ans \u00e0 Regensdorf<\/strong><br>Voiture, moto, remorque, camion ou taxi - \u00e0 l\u2019auto-\u00e9cole Koch, vous obtenez tout d\u2019une seule main.<\/p>\n\n\n\n<p>L\u2019\u00e9quipe exp\u00e9riment\u00e9e et multilingue vous pr\u00e9pare \u00e0 l\u2019examen de mani\u00e8re individuelle, moderne et efficace. Les cours tels que le secourisme, l\u2019\u00e9ducation routi\u00e8re ou la moto ont lieu dans le local de cours central - y compris le simulateur de conduite. <\/p>\n\n\n\n<p><strong>Taux de r\u00e9ussite \u00e9lev\u00e9s, prix \u00e9quitables et horaires flexibles.<\/strong><br>Pour en savoir plus, voir<strong><a class=\"\" href=\"http:\/\/www.fahrschulekoch.ch\">www.fahrschulekoch.ch<\/a><\/strong><\/p>\n<\/div><figure class=\"wp-block-media-text__media\"><img decoding=\"async\" width=\"210\" height=\"86\" src=\"https:\/\/www.etrix.ch\/media\/2025\/03\/logokochfahrschule.svg\" alt=\"\u00e9cole de conduite culinaire\" class=\"wp-image-34693 size-full\"><\/figure><\/div>\n\n\n\n<div style=\"height:49px\" aria-hidden=\"true\" class=\"wp-block-spacer\"><\/div>\n\n\n\n<div class=\"wp-block-media-text has-media-on-the-right is-stacked-on-mobile logo-page\" style=\"grid-template-columns:auto 25%\"><div class=\"wp-block-media-text__content\">\n<p><strong>FitneFitness<\/strong><strong>Zone Regensdorf - S\u2019entra\u00eener sur trois \u00e9tages<\/strong><br>Que vous soyez d\u00e9butant ou professionnel, la Fitness Zone vous propose des appareils de musculation et d\u2019endurance modernes, des halt\u00e8res et des circuits d\u2019entra\u00eenement sur plus de 1\u2019000 m\u00b2.<\/p>\n\n\n\n<p><strong>Vos avantages :<\/strong><br>\u2714 Plans d\u2019entra\u00eenement individuels &amp; suivi<br>\u2714 Ouvert 365 jours par an<br>\u2714 Parking gratuit &amp; entra\u00eenement d\u2019essai<br>\u2714 Les caisses maladie remboursent jusqu\u2019\u00e0 800 CHF (Qualitop)<\/p>\n\n\n\n<p>Commencez d\u00e8s maintenant sur<strong>fitnesszone.ch<\/strong><\/p>\n<\/div><figure class=\"wp-block-media-text__media\"><img decoding=\"async\" width=\"1024\" height=\"895\" src=\"https:\/\/www.etrix.ch\/media\/2025\/03\/Fitness-Zone-Logo-D5-2-e1746877317342-1024x895.png\" alt=\"Zone de fitness  \" class=\"wp-image-34697 size-full\" srcset=\"https:\/\/www.etrix.ch\/media\/2025\/03\/Fitness-Zone-Logo-D5-2-e1746877317342-1024x895.png 1024w, https:\/\/www.etrix.ch\/media\/2025\/03\/Fitness-Zone-Logo-D5-2-e1746877317342-300x262.png 300w, https:\/\/www.etrix.ch\/media\/2025\/03\/Fitness-Zone-Logo-D5-2-e1746877317342-768x672.png 768w, https:\/\/www.etrix.ch\/media\/2025\/03\/Fitness-Zone-Logo-D5-2-e1746877317342-1320x1154.png 1320w, https:\/\/www.etrix.ch\/media\/2025\/03\/Fitness-Zone-Logo-D5-2-e1746877317342-900x787.png 900w, https:\/\/www.etrix.ch\/media\/2025\/03\/Fitness-Zone-Logo-D5-2-e1746877317342.png 1330w\" sizes=\"(max-width: 1024px) 100vw, 1024px\"><\/figure><\/div>\n\n\n\n<div style=\"height:49px\" aria-hidden=\"true\" class=\"wp-block-spacer\"><\/div>\n\n\n\n<div class=\"wp-block-media-text has-media-on-the-right is-stacked-on-mobile logo-page\" style=\"grid-template-columns:auto 25%\"><div class=\"wp-block-media-text__content\">\n<p><strong>ALPN - Des scooters pour l\u2019aventure &amp; le quotidien<\/strong><br>Que ce soit pour la descente, les sports canins ou la vie urbaine de tous les jours, ALPN propose des scooters robustes et de haute qualit\u00e9 pour chaque d\u00e9fi.<\/p>\n\n\n\n<p class=\"is-style-default\"><strong>Points forts :<\/strong><br>\u2714 Mod\u00e8les polyvalents : Downhill, Dog &amp; E-Scooter<br>\u2714 Qualit\u00e9 pour la s\u00e9curit\u00e9 et la durabilit\u00e9<br>\u2714 Essais \u00e0 Zurich R\u00fcmlang (rendez-vous obligatoire)<\/p>\n\n\n\n<p>Pour en savoir plus, rendez-vous sur<strong>alpn.ch<\/strong> - pour tous ceux qui aiment l\u2019action et la mobilit\u00e9.<\/p>\n<\/div><figure class=\"wp-block-media-text__media\"><img decoding=\"async\" width=\"750\" height=\"600\" src=\"https:\/\/www.etrix.ch\/media\/2025\/03\/ALPN_LOGO_e5e40b55-b745-4771-bdbc-92c59f083d59_1200x600_crop_center.webp\" alt=\"Alpn  \" class=\"wp-image-34739 size-full\" srcset=\"https:\/\/www.etrix.ch\/media\/2025\/03\/ALPN_LOGO_e5e40b55-b745-4771-bdbc-92c59f083d59_1200x600_crop_center.webp 750w, https:\/\/www.etrix.ch\/media\/2025\/03\/ALPN_LOGO_e5e40b55-b745-4771-bdbc-92c59f083d59_1200x600_crop_center-300x240.webp 300w\" sizes=\"(max-width: 750px) 100vw, 750px\"><\/figure><\/div>\n\n\n\n<div class=\"wp-block-group is-style-top-image-text-weiss-mitte\"><div class=\"wp-block-group__inner-container is-layout-flow wp-block-group-is-layout-flow\">\n<p class=\"is-style-text-ber-titel\">S\u2019inscrire ou se connecter <\/p>\n\n\n\n<h3 class=\"wp-block-heading\" id=\"silence-testen-probefahren\">ETRIX Spring Event \ud83c\udfce\ufe0f \ud83e\uddc0 \ud83c\udf77<\/h3>\n\n\n\n<p class=\"is-style-add-cacf\">Invit\u00e9s enregistr\u00e9s\u00a0: <strong>937<\/strong><\/p>\n\n\n<script>\nvar gform;gform||(document.addEventListener(\"gform_main_scripts_loaded\",function(){gform.scriptsLoaded=!0}),document.addEventListener(\"gform\/theme\/scripts_loaded\",function(){gform.themeScriptsLoaded=!0}),window.addEventListener(\"DOMContentLoaded\",function(){gform.domLoaded=!0}),gform={domLoaded:!1,scriptsLoaded:!1,themeScriptsLoaded:!1,isFormEditor:()=>\"function\"==typeof InitializeEditor,callIfLoaded:function(o){return!(!gform.domLoaded||!gform.scriptsLoaded||!gform.themeScriptsLoaded&&!gform.isFormEditor()||(gform.isFormEditor()&&console.warn(\"The use of gform.initializeOnLoaded() is deprecated in the form editor context and will be removed in Gravity Forms 3.1.\"),o(),0))},initializeOnLoaded:function(o){gform.callIfLoaded(o)||(document.addEventListener(\"gform_main_scripts_loaded\",()=>{gform.scriptsLoaded=!0,gform.callIfLoaded(o)}),document.addEventListener(\"gform\/theme\/scripts_loaded\",()=>{gform.themeScriptsLoaded=!0,gform.callIfLoaded(o)}),window.addEventListener(\"DOMContentLoaded\",()=>{gform.domLoaded=!0,gform.callIfLoaded(o)}))},hooks:{action:{},filter:{}},addAction:function(o,r,e,t){gform.addHook(\"action\",o,r,e,t)},addFilter:function(o,r,e,t){gform.addHook(\"filter\",o,r,e,t)},doAction:function(o){gform.doHook(\"action\",o,arguments)},applyFilters:function(o){return gform.doHook(\"filter\",o,arguments)},removeAction:function(o,r){gform.removeHook(\"action\",o,r)},removeFilter:function(o,r,e){gform.removeHook(\"filter\",o,r,e)},addHook:function(o,r,e,t,n){null==gform.hooks[o][r]&&(gform.hooks[o][r]=[]);var d=gform.hooks[o][r];null==n&&(n=r+\"_\"+d.length),gform.hooks[o][r].push({tag:n,callable:e,priority:t=null==t?10:t})},doHook:function(r,o,e){var t;if(e=Array.prototype.slice.call(e,1),null!=gform.hooks[r][o]&&((o=gform.hooks[r][o]).sort(function(o,r){return o.priority-r.priority}),o.forEach(function(o){\"function\"!=typeof(t=o.callable)&&(t=window[t]),\"action\"==r?t.apply(null,e):e[0]=t.apply(null,e)})),\"filter\"==r)return e[0]},removeHook:function(o,r,t,n){var e;null!=gform.hooks[o][r]&&(e=(e=gform.hooks[o][r]).filter(function(o,r,e){return!!(null!=n&&n!=o.tag||null!=t&&t!=o.priority)}),gform.hooks[o][r]=e)}});\n<\/script>\n\n                <div class=\"gf_browser_gecko gform_wrapper gravity-theme gform-theme--no-framework\" data-form-theme=\"gravity-theme\" data-form-index=\"0\" id=\"gform_wrapper_21\"><form method=\"post\" enctype=\"multipart\/form-data\" id=\"gform_21\" action=\"\/fr\/wp-json\/wp\/v2\/posts\/33656\" data-formid=\"21\" novalidate>\n                        <div class=\"gform-body gform_body\"><div id=\"gform_fields_21\" class=\"gform_fields top_label form_sublabel_below description_below validation_below\"><fieldset id=\"field_21_3\" class=\"gfield gfield--type-radio gfield--type-choice gfield--input-type-radio gfield--width-full gf_list_3col field_sublabel_below gfield--no-description field_description_below field_validation_below gfield_visibility_visible\"><legend class=\"gfield_label gform-field-label\">Je viens\/nous venons \u00e0 l'\u00e9v\u00e9nement<\/legend><div class=\"ginput_container ginput_container_radio\"><div class=\"gfield_radio\" id=\"input_21_3\">\n\t\t\t<div class=\"gchoice gchoice_21_3_0\">\n\t\t\t\t\t<input class=\"gfield-choice-input\" name=\"input_3\" type=\"radio\" value=\"1\" checked id=\"choice_21_3_0\" onchange=\"gformToggleRadioOther( this )\">\n\t\t\t\t\t<label for=\"choice_21_3_0\" id=\"label_21_3_0\" class=\"gform-field-label gform-field-label--type-inline\">1 personne<\/label>\n\t\t\t<\/div>\n\t\t\t<div class=\"gchoice gchoice_21_3_1\">\n\t\t\t\t\t<input class=\"gfield-choice-input\" name=\"input_3\" type=\"radio\" value=\"2\" id=\"choice_21_3_1\" onchange=\"gformToggleRadioOther( this )\">\n\t\t\t\t\t<label for=\"choice_21_3_1\" id=\"label_21_3_1\" class=\"gform-field-label gform-field-label--type-inline\">Paire<\/label>\n\t\t\t<\/div>\n\t\t\t<div class=\"gchoice gchoice_21_3_2\">\n\t\t\t\t\t<input class=\"gfield-choice-input\" name=\"input_3\" type=\"radio\" value=\"3\" id=\"choice_21_3_2\" onchange=\"gformToggleRadioOther( this )\">\n\t\t\t\t\t<label for=\"choice_21_3_2\" id=\"label_21_3_2\" class=\"gform-field-label gform-field-label--type-inline\">Famille<\/label>\n\t\t\t<\/div><\/div><\/div><\/fieldset><\/div><\/div>\n        <div class=\"gform-footer gform_footer top_label\"> <input type=\"submit\" id=\"gform_submit_button_21\" class=\"gform_button button\" onclick=\"gform.submission.handleButtonClick(this);\" data-submission-type=\"submit\" value=\"S'inscrire\"> \n            <input type=\"hidden\" class=\"gform_hidden\" name=\"gform_submission_method\" data-js=\"gform_submission_method_21\" value=\"postback\">\n            <input type=\"hidden\" class=\"gform_hidden\" name=\"gform_theme\" data-js=\"gform_theme_21\" id=\"gform_theme_21\" value=\"gravity-theme\">\n            <input type=\"hidden\" class=\"gform_hidden\" name=\"gform_style_settings\" data-js=\"gform_style_settings_21\" id=\"gform_style_settings_21\" value='{\"inputPrimaryColor\":\"#204ce5\"}'>\n            <input type=\"hidden\" class=\"gform_hidden\" name=\"is_submit_21\" value=\"1\">\n            <input type=\"hidden\" class=\"gform_hidden\" name=\"gform_submit\" value=\"21\">\n            \n            <input type=\"hidden\" class=\"gform_hidden\" name=\"gform_currency\" data-currency=\"CHF\" value=\"6wAq5UeJ9quGA0aBtYzL8Pcfgu6Dfz+1xdCabT8QgTjdeqZ7EL0rHprP4iQgHdtDJytaMsLiHfO0SzM3ZdQDQa83+RYh0A3tSfOKnqiFYp+RE6s=\">\n            <input type=\"hidden\" class=\"gform_hidden\" name=\"gform_unique_id\" value=\"\">\n            <input type=\"hidden\" class=\"gform_hidden\" name=\"state_21\" value=\"WyJ7XCIzXCI6W1wiYWUyYTMxZWNlYTMwNmI3NDk1MTRmZTExMzA4YjlkYjFcIixcImRkM2NhNzQzMmU0Mzk2YTU1NjIyMGE5N2I0YWQwYmIwXCIsXCI4NzE2OWNlNWZiY2ZmZWQ0YzJiZjIwNDkzYmJjNjdiNlwiXX0iLCJhN2U1N2Q0N2U2NjNhODdkOGQ4MDc5NmFmN2Y0YTdhYSJd\">\n            <input type=\"hidden\" autocomplete=\"off\" class=\"gform_hidden\" name=\"gform_target_page_number_21\" id=\"gform_target_page_number_21\" value=\"0\">\n            <input type=\"hidden\" autocomplete=\"off\" class=\"gform_hidden\" name=\"gform_source_page_number_21\" id=\"gform_source_page_number_21\" value=\"1\">\n            <input type=\"hidden\" name=\"gform_field_values\" value=\"\">\n            \n        <\/div>\n                        <\/form>\n                        <\/div><script>\ngform.initializeOnLoaded( function() {gformInitSpinner( 21, 'https:\/\/www.etrix.ch\/wp-content\/plugins\/gravityforms\/images\/spinner.svg', true );jQuery('#gform_ajax_frame_21').on('load',function(){var contents = jQuery(this).contents().find('*').html();var is_postback = contents.indexOf('GF_AJAX_POSTBACK') >= 0;if(!is_postback){return;}var form_content = jQuery(this).contents().find('#gform_wrapper_21');var is_confirmation = jQuery(this).contents().find('#gform_confirmation_wrapper_21').length > 0;var is_redirect = contents.indexOf('gformRedirect(){') >= 0;var is_form = form_content.length > 0 && ! is_redirect && ! is_confirmation;var mt = parseInt(jQuery('html').css('margin-top'), 10) + parseInt(jQuery('body').css('margin-top'), 10) + 100;if(is_form){jQuery('#gform_wrapper_21').html(form_content.html());if(form_content.hasClass('gform_validation_error')){jQuery('#gform_wrapper_21').addClass('gform_validation_error');} else {jQuery('#gform_wrapper_21').removeClass('gform_validation_error');}setTimeout( function() { \/* delay the scroll by 50 milliseconds to fix a bug in chrome *\/  }, 50 );if(window['gformInitDatepicker']) {gformInitDatepicker();}if(window['gformInitPriceFields']) {gformInitPriceFields();}var current_page = jQuery('#gform_source_page_number_21').val();gformInitSpinner( 21, 'https:\/\/www.etrix.ch\/wp-content\/plugins\/gravityforms\/images\/spinner.svg', true );jQuery(document).trigger('gform_page_loaded', [21, current_page]);window['gf_submitting_21'] = false;}else if(!is_redirect){var confirmation_content = jQuery(this).contents().find('.GF_AJAX_POSTBACK').html();if(!confirmation_content){confirmation_content = contents;}jQuery('#gform_wrapper_21').replaceWith(confirmation_content);jQuery(document).trigger('gform_confirmation_loaded', [21]);window['gf_submitting_21'] = false;wp.a11y.speak(jQuery('#gform_confirmation_message_21').text());}else{jQuery('#gform_21').append(contents);if(window['gformRedirect']) {gformRedirect();}}jQuery(document).trigger(\"gform_pre_post_render\", [{ formId: \"21\", currentPage: \"current_page\", abort: function() { this.preventDefault(); } }]);        if (event && event.defaultPrevented) {                return;        }        const gformWrapperDiv = document.getElementById( \"gform_wrapper_21\" );        if ( gformWrapperDiv ) {            const visibilitySpan = document.createElement( \"span\" );            visibilitySpan.id = \"gform_visibility_test_21\";            gformWrapperDiv.insertAdjacentElement( \"afterend\", visibilitySpan );        }        const visibilityTestDiv = document.getElementById( \"gform_visibility_test_21\" );        let postRenderFired = false;        function triggerPostRender() {            if ( postRenderFired ) {                return;            }            postRenderFired = true;            gform.core.triggerPostRenderEvents( 21, current_page );            if ( visibilityTestDiv ) {                visibilityTestDiv.parentNode.removeChild( visibilityTestDiv );            }        }        function debounce( func, wait, immediate ) {            var timeout;            return function() {                var context = this, args = arguments;                var later = function() {                    timeout = null;                    if ( !immediate ) func.apply( context, args );                };                var callNow = immediate && !timeout;                clearTimeout( timeout );                timeout = setTimeout( later, wait );                if ( callNow ) func.apply( context, args );            };        }        const debouncedTriggerPostRender = debounce( function() {            triggerPostRender();        }, 200 );        if ( visibilityTestDiv && visibilityTestDiv.offsetParent === null ) {            const observer = new MutationObserver( ( mutations ) => {                mutations.forEach( ( mutation ) => {                    if ( mutation.type === 'attributes' && visibilityTestDiv.offsetParent !== null ) {                        debouncedTriggerPostRender();                        observer.disconnect();                    }                });            });            observer.observe( document.body, {                attributes: true,                childList: false,                subtree: true,                attributeFilter: [ 'style', 'class' ],            });        } else {            triggerPostRender();        }    } );} );\n<\/script>\n<\/div><\/div>\n\n\n\n<h2 class=\"wp-block-heading\" id=\"h-impressionen-vom-fruhlingsfest-2024-findest-du-hier\">Vous trouverez des impressions de la F\u00eate du Printemps 2024 <a href=\"https:\/\/www.etrix.ch\/fr\/festival-de-printemps-etrix-6-et-7-avril-2024-a-regensdorf\/\">ici<\/a><\/h2>\n\n\n\n<p><\/p>\n\n\n\n<p><\/p>\n\n\n\n<div style=\"height:49px\" aria-hidden=\"true\" class=\"wp-block-spacer\"><\/div>\n<\/div>\n\n\n\n<div class=\"wp-block-column is-layout-flow wp-block-column-is-layout-flow\" style=\"flex-basis:15%\"><\/div>\n<\/div>\n<\/div>\n<\/div>\n\n<h2 class=\"wp-block-heading\" id=\"h-elektroroller-im-etrix-shop\">Trottinettes \u00e9lectriques dans la boutique ETRIX<\/h2>\n\n<div class=\"wp-block-columns alignwide is-layout-flex wp-container-core-columns-is-layout-9d6595d7 wp-block-columns-is-layout-flex\">\n<div class=\"wp-block-column is-layout-flow wp-block-column-is-layout-flow\" style=\"flex-basis:100%\"><div id=\"prolist-block_9f392119a1f5a696fbda84c2c8364602\" class=\"wc-block-grid  wp-block-product-category wc-block-product-category has-4-columns has-multiple-rows  prolist\"><ul class=\"wc-block-grid__products wp-block-columns is-style-spalten-boxed \"><li class=\"wc-block-grid__product wp-block-column   finanz-0-\">  <a href=\"https:\/\/www.etrix.ch\/fr\/scooter-electrique\/silence-s01-plus\/\" class=\"wc-block-grid__product-link\"><img decoding=\"async\" width=\"600\" height=\"600\" src=\"https:\/\/www.etrix.ch\/media\/2022\/05\/elektroroller-silence-s01plus-grey-22-600x600.jpg\" class=\"attachment-woocommerce_thumbnail size-woocommerce_thumbnail\" alt=\"Elektroroller Silence S01plus Grey 22\" srcset=\"https:\/\/www.etrix.ch\/media\/2022\/05\/elektroroller-silence-s01plus-grey-22-600x600.jpg 600w, https:\/\/www.etrix.ch\/media\/2022\/05\/elektroroller-silence-s01plus-grey-22-100x100.jpg 100w\" sizes=\"(max-width: 600px) 100vw, 600px\"><div class=\"wc-block-grid__product-title\"><h2>Silence - S01+<br><span class=\"at-zusatz-titel\">E-Roller<\/span><\/h2><\/div><\/a>  <div class=\"pro-icon\">    <div><span class=\"speed-icon\"><\/span> <span>110 km\/h<\/span><\/div>    <div><span class=\"reichweite-icon\"><\/span> <span>137 km (gem. WMTC)<\/span><\/div>    <div>\n\t\t\t\t\t\t\t\t<span class=\"money-wraps\">\n\t\t\t\t\t\t\t\t  <span class=\"money-icon\"><\/span> \n\t\t\t\t\t\t\t\t  <div>\t\t\t<span><b>CHF 8950.\u2013 <\/b><\/span> \t\t\t<span>pm. CHF 186.\u2013 <\/span>\n\t\t\t\t\t\t\t\t  <\/div>\n\t\t\t\t\t\t\t\t<\/span>\n\t\t\t\t\t\t\t  <\/div>  <\/div>  <div class=\"btns\">    <a href=\"https:\/\/www.etrix.ch\/fr\/produit\/silence-s01\/?attribute_pa_modell=s01-fr-2&amp;attribute_pa_geschwindigkeit=110-km-h-fr&amp;attribute_pa_lackierung=grey-fr\" class=\"button-new\">configurer<\/a>    <a href=\"https:\/\/www.etrix.ch\/fr\/scooter-electrique\/silence-s01-plus\/\" class=\"button-new btn-light\">en savoir plus<\/a>  <\/div><\/li><li class=\"wc-block-grid__product wp-block-column   finanz-0-\">  <a href=\"https:\/\/www.etrix.ch\/fr\/scooter-electrique\/silence-s02-plus\/\" class=\"wc-block-grid__product-link\"><img decoding=\"async\" width=\"600\" height=\"600\" src=\"https:\/\/www.etrix.ch\/media\/2026\/02\/new-s02-banner-green-600x600.png\" class=\"attachment-woocommerce_thumbnail size-woocommerce_thumbnail\" alt=\"New S02 Banner Green\" srcset=\"https:\/\/www.etrix.ch\/media\/2026\/02\/new-s02-banner-green-600x600.png 600w, https:\/\/www.etrix.ch\/media\/2026\/02\/new-s02-banner-green-150x150.png 150w, https:\/\/www.etrix.ch\/media\/2026\/02\/new-s02-banner-green-100x100.png 100w, https:\/\/www.etrix.ch\/media\/2026\/02\/new-s02-banner-green-460x460.png 460w\" sizes=\"(max-width: 600px) 100vw, 600px\"><div class=\"wc-block-grid__product-title\"><h2>Silence - S02<br><span class=\"at-zusatz-titel\">E-Roller<\/span><\/h2><\/div><\/a>  <div class=\"pro-icon\">    <div><span class=\"speed-icon\"><\/span> <span>85 km\/h<\/span><\/div>    <div><span class=\"reichweite-icon\"><\/span> <span>137 km (gem. WMTC)<\/span><\/div>    <div>\n\t\t\t\t\t\t\t\t<span class=\"money-wraps\">\n\t\t\t\t\t\t\t\t  <span class=\"money-icon\"><\/span> \n\t\t\t\t\t\t\t\t  <div>\t\t\t<span><b>CHF 4750.\u2013 <\/b><\/span> \t\t\t<span>pm. CHF 99.\u2013 <\/span>\n\t\t\t\t\t\t\t\t  <\/div>\n\t\t\t\t\t\t\t\t<\/span>\n\t\t\t\t\t\t\t  <\/div>  <\/div>  <div class=\"btns\">    <a href=\"https:\/\/www.etrix.ch\/fr\/produit\/silence-s02\/?attribute_pa_modell=s02-fr&amp;attribute_pa_geschwindigkeit=85-km-h-fr&amp;attribute_pa_lackierung=green-fr\" class=\"button-new\">configurer<\/a>    <a href=\"https:\/\/www.etrix.ch\/fr\/scooter-electrique\/silence-s02-plus\/\" class=\"button-new btn-light\">en savoir plus<\/a>  <\/div><\/li><\/ul><\/div>\n\n<div id=\"prolist-block_64744f4ce926300b07d54f98ced7af4c\" class=\"wc-block-grid  wp-block-product-category wc-block-product-category has-4-columns has-multiple-rows  prolist\"><ul class=\"wc-block-grid__products wp-block-columns is-style-spalten-boxed \"><li class=\"wc-block-grid__product wp-block-column  sale finanz-0-nein\">  <a href=\"https:\/\/www.etrix.ch\/fr\/scooter-electrique\/felo-fw06\/\" class=\"wc-block-grid__product-link\"><img decoding=\"async\" width=\"600\" height=\"600\" src=\"https:\/\/www.etrix.ch\/media\/2023\/02\/felo-fw06-etrix-elektroroller-scifigreen-600x600.jpg\" class=\"attachment-woocommerce_thumbnail size-woocommerce_thumbnail\" alt=\"Felo Fw06 Etrix Elektroroller Scifigreen\" srcset=\"https:\/\/www.etrix.ch\/media\/2023\/02\/felo-fw06-etrix-elektroroller-scifigreen-600x600.jpg 600w, https:\/\/www.etrix.ch\/media\/2023\/02\/felo-fw06-etrix-elektroroller-scifigreen-150x150.jpg 150w, https:\/\/www.etrix.ch\/media\/2023\/02\/felo-fw06-etrix-elektroroller-scifigreen-100x100.jpg 100w, https:\/\/www.etrix.ch\/media\/2023\/02\/felo-fw06-etrix-elektroroller-scifigreen-460x460.jpg 460w\" sizes=\"(max-width: 600px) 100vw, 600px\"><div class=\"wc-block-grid__product-title\"><h2>Felo - FW06<br><span class=\"at-zusatz-titel\">E-Roller<\/span><\/h2><\/div><\/a>  <div class=\"pro-icon\">    <div><span class=\"speed-icon\"><\/span> <span>125 km\/h<\/span><\/div>    <div><span class=\"reichweite-icon\"><\/span> <span>94 km (gem. WMTC)<\/span><\/div>    <div>\n\t\t\t\t\t\t\t\t<span class=\"money-wraps\">\n\t\t\t\t\t\t\t\t  <span class=\"money-icon\"><\/span> \n\t\t\t\t\t\t\t\t  <div>\t\t\t<span><b>CHF 4940.\u2013 <\/b><\/span> \t\t\t<span>pm. CHF 103.\u2013 <\/span>\n\t\t\t\t\t\t\t\t  <\/div>\n\t\t\t\t\t\t\t\t<\/span>\n\t\t\t\t\t\t\t  <\/div>  <\/div>  <div class=\"btns\">    <a href=\"https:\/\/www.etrix.ch\/fr\/produit\/configurer-felo-fw06\/\" class=\"button-new\">configurer<\/a>    <a href=\"https:\/\/www.etrix.ch\/fr\/scooter-electrique\/felo-fw06\/\" class=\"button-new btn-light\">en savoir plus<\/a>  <\/div><\/li><li class=\"wc-block-grid__product wp-block-column   finanz-0-\">  <a href=\"https:\/\/www.etrix.ch\/e-cross\/caofen-f80\/\" class=\"wc-block-grid__product-link\"><img decoding=\"async\" width=\"600\" height=\"600\" src=\"https:\/\/www.etrix.ch\/media\/2023\/02\/e-cross-caofen-f80-rot-1-600x600.jpg\" class=\"attachment-woocommerce_thumbnail size-woocommerce_thumbnail\" alt=\"E Cross Caofen F80 Rot 1\" srcset=\"https:\/\/www.etrix.ch\/media\/2023\/02\/e-cross-caofen-f80-rot-1-600x600.jpg 600w, https:\/\/www.etrix.ch\/media\/2023\/02\/e-cross-caofen-f80-rot-1-100x100.jpg 100w, https:\/\/www.etrix.ch\/media\/2023\/02\/e-cross-caofen-f80-rot-1-150x150.jpg 150w, https:\/\/www.etrix.ch\/media\/2023\/02\/e-cross-caofen-f80-rot-1-460x460.jpg 460w\" sizes=\"(max-width: 600px) 100vw, 600px\"><div class=\"wc-block-grid__product-title\"><h2>Caofen - F80<br><span class=\"at-zusatz-titel\">E-Cross<\/span><\/h2><\/div><\/a>  <div class=\"pro-icon\">    <div><span class=\"speed-icon\"><\/span> <span>45 km\/h, 85 km\/h<\/span><\/div>    <div><span class=\"reichweite-icon\"><\/span> <span>104 km (gem. WMTC)<\/span><\/div>    <div>\n\t\t\t\t\t\t\t\t<span class=\"money-wraps\">\n\t\t\t\t\t\t\t\t  <span class=\"money-icon\"><\/span> \n\t\t\t\t\t\t\t\t  <div>\t\t\t<span><b>CHF 6450.\u2013 <\/b><\/span> \t\t\t<span>pm. CHF 134.\u2013 <\/span>\n\t\t\t\t\t\t\t\t  <\/div>\n\t\t\t\t\t\t\t\t<\/span>\n\t\t\t\t\t\t\t  <\/div>  <\/div>  <div class=\"btns\">    <a href=\"https:\/\/www.etrix.ch\/fr\/produit\/configurer-caofen-f80\/\" class=\"button-new\">configurer<\/a>    <a href=\"https:\/\/www.etrix.ch\/fr\/e-cross\/caofen-f80\/\" class=\"button-new btn-light\">en savoir plus<\/a>  <\/div><\/li><li class=\"wc-block-grid__product wp-block-column   finanz-0-nein\">  <a href=\"https:\/\/www.etrix.ch\/fr\/scooter-electrique\/ecooter-e3s\/\" class=\"wc-block-grid__product-link\"><img decoding=\"async\" width=\"600\" height=\"600\" src=\"https:\/\/www.etrix.ch\/media\/2023\/05\/elektroroller-ecooter-e3-white-5-etrix-600x600.jpeg\" class=\"attachment-woocommerce_thumbnail size-woocommerce_thumbnail\" alt=\"Elektroroller Ecooter E3 White 5 Etrix\" srcset=\"https:\/\/www.etrix.ch\/media\/2023\/05\/elektroroller-ecooter-e3-white-5-etrix-600x600.jpeg 600w, https:\/\/www.etrix.ch\/media\/2023\/05\/elektroroller-ecooter-e3-white-5-etrix-100x100.jpeg 100w, https:\/\/www.etrix.ch\/media\/2023\/05\/elektroroller-ecooter-e3-white-5-etrix-150x150.jpeg 150w, https:\/\/www.etrix.ch\/media\/2023\/05\/elektroroller-ecooter-e3-white-5-etrix-460x460.jpeg 460w\" sizes=\"(max-width: 600px) 100vw, 600px\"><div class=\"wc-block-grid__product-title\"><h2>Ecooter - E3 Urban<br><span class=\"at-zusatz-titel\">E-Roller<\/span><\/h2><\/div><\/a>  <div class=\"pro-icon\">    <div><span class=\"speed-icon\"><\/span> <span>85 km\/h<\/span><\/div>    <div><span class=\"reichweite-icon\"><\/span> <span>120 km (WMTC)<\/span><\/div>    <div>\n\t\t\t\t\t\t\t\t<span class=\"money-wraps\">\n\t\t\t\t\t\t\t\t  <span class=\"money-icon\"><\/span> \n\t\t\t\t\t\t\t\t  <div>\t\t\t<span><b>CHF 3850.\u2013 <\/b><\/span> \t\t\t<span>pm. CHF 80.\u2013 <\/span>\n\t\t\t\t\t\t\t\t  <\/div>\n\t\t\t\t\t\t\t\t<\/span>\n\t\t\t\t\t\t\t  <\/div>  <\/div>  <div class=\"btns\">    <a href=\"https:\/\/www.etrix.ch\/fr\/produit\/ecooter-e3s-configure\/\" class=\"button-new\">configurer<\/a>    <a href=\"https:\/\/www.etrix.ch\/fr\/scooter-electrique\/ecooter-e3s\/\" class=\"button-new btn-light\">en savoir plus<\/a>  <\/div><\/li><\/ul><\/div><\/div>\n<\/div>\n","protected":false},"excerpt":{"rendered":"<p>Cette ann\u00e9e encore, ETRIX organise &#8230; <a title=\"ETRIX F\u00eate du Printemps 2025 - Action, divertissement et plaisir pour tous !\" class=\"read-more\" href=\"https:\/\/www.etrix.ch\/fr\/etrix-spring-event17-mai-2025a-regensdorf\/\" aria-label=\"En savoir plus sur ETRIX F\u00eate du Printemps 2025 - Action, divertissement et plaisir pour tous !\">&gt;  En savoir plus<\/a><\/p>\n","protected":false},"author":7,"featured_media":33527,"comment_status":"closed","ping_status":"closed","sticky":false,"template":"","format":"standard","meta":{"_acf_changed":false,"footnotes":""},"categories":[366],"tags":[],"class_list":["post-33656","post","type-post","status-publish","format-standard","has-post-thumbnail","hentry","category-non-classifiee","generate-columns","tablet-grid-50","mobile-grid-100","grid-parent","grid-50"],"acf":[],"yoast_head":"<!-- This site is optimized with the Yoast SEO Premium plugin v26.9 (Yoast SEO v27.4) - https:\/\/yoast.com\/product\/yoast-seo-premium-wordpress\/ -->\n<title>ETRIX F\u00eate du Printemps 2025 - Action, divertissement et plaisir pour tous ! - ETRIX Elektroroller<\/title>\n<meta name=\"description\" content=\"Le Festival de Printemps ETIX, avec de nouveaux produits tels que des motos ZERO, des collaborations et des attractions. Il y en a pour tous les go\u00fbts.\" \/>\n<meta name=\"robots\" content=\"index, follow, max-snippet:-1, max-image-preview:large, max-video-preview:-1\" \/>\n<link rel=\"canonical\" href=\"https:\/\/www.etrix.ch\/fr\/etrix-spring-event17-mai-2025a-regensdorf\/\" \/>\n<meta property=\"og:locale\" content=\"fr_FR\" \/>\n<meta property=\"og:type\" content=\"article\" \/>\n<meta property=\"og:title\" content=\"ETRIX F\u00eate du Printemps 2025 - Action, divertissement et plaisir pour tous !\" \/>\n<meta property=\"og:description\" content=\"Le Festival de Printemps ETIX, avec de nouveaux produits tels que des motos ZERO, des collaborations et des attractions. Il y en a pour tous les go\u00fbts.\" \/>\n<meta property=\"og:url\" content=\"https:\/\/www.etrix.ch\/fr\/etrix-spring-event17-mai-2025a-regensdorf\/\" \/>\n<meta property=\"og:site_name\" content=\"ETRIX Elektroroller\" \/>\n<meta property=\"article:publisher\" content=\"https:\/\/m.facebook.com\/etrix.emotos\/\" \/>\n<meta property=\"article:published_time\" content=\"2025-03-20T16:31:01+00:00\" \/>\n<meta property=\"article:modified_time\" content=\"2025-06-26T09:39:28+00:00\" \/>\n<meta property=\"og:image\" content=\"https:\/\/www.etrix.ch\/media\/2025\/03\/SliderSprintEvent-1.png\" \/>\n\t<meta property=\"og:image:width\" content=\"1250\" \/>\n\t<meta property=\"og:image:height\" content=\"625\" \/>\n\t<meta property=\"og:image:type\" content=\"image\/png\" \/>\n<meta name=\"author\" content=\"nadialeisi\" \/>\n<meta name=\"twitter:card\" content=\"summary_large_image\" \/>\n<meta name=\"twitter:creator\" content=\"@etrixag\" \/>\n<meta name=\"twitter:site\" content=\"@etrixag\" \/>\n<meta name=\"twitter:label1\" content=\"\u00c9crit par\" \/>\n\t<meta name=\"twitter:data1\" content=\"nadialeisi\" \/>\n\t<meta name=\"twitter:label2\" content=\"Dur\u00e9e de lecture estim\u00e9e\" \/>\n\t<meta name=\"twitter:data2\" content=\"5 minutes\" \/>\n<script type=\"application\/ld+json\" class=\"yoast-schema-graph\">{\"@context\":\"https:\\\/\\\/schema.org\",\"@graph\":[{\"@type\":\"Article\",\"@id\":\"https:\\\/\\\/www.etrix.ch\\\/fr\\\/etrix-spring-event17-mai-2025a-regensdorf\\\/#article\",\"isPartOf\":{\"@id\":\"https:\\\/\\\/www.etrix.ch\\\/fr\\\/etrix-spring-event17-mai-2025a-regensdorf\\\/\"},\"author\":{\"name\":\"nadialeisi\",\"@id\":\"https:\\\/\\\/www.etrix.ch\\\/fr\\\/#\\\/schema\\\/person\\\/12443035bbe86c520442fdff9b1e1cb3\"},\"headline\":\"ETRIX F\u00eate du Printemps 2025 - Action, divertissement et plaisir pour tous !\",\"datePublished\":\"2025-03-20T16:31:01+00:00\",\"dateModified\":\"2025-06-26T09:39:28+00:00\",\"mainEntityOfPage\":{\"@id\":\"https:\\\/\\\/www.etrix.ch\\\/fr\\\/etrix-spring-event17-mai-2025a-regensdorf\\\/\"},\"wordCount\":1109,\"publisher\":{\"@id\":\"https:\\\/\\\/www.etrix.ch\\\/fr\\\/#organization\"},\"image\":{\"@id\":\"https:\\\/\\\/www.etrix.ch\\\/fr\\\/etrix-spring-event17-mai-2025a-regensdorf\\\/#primaryimage\"},\"thumbnailUrl\":\"https:\\\/\\\/www.etrix.ch\\\/media\\\/2025\\\/03\\\/SliderSprintEvent-1.png\",\"articleSection\":[\"Non classifi\u00e9(e)\"],\"inLanguage\":\"fr-FR\",\"copyrightYear\":\"2025\",\"copyrightHolder\":{\"@id\":\"https:\\\/\\\/www.etrix.ch\\\/#organization\"}},{\"@type\":\"WebPage\",\"@id\":\"https:\\\/\\\/www.etrix.ch\\\/fr\\\/etrix-spring-event17-mai-2025a-regensdorf\\\/\",\"url\":\"https:\\\/\\\/www.etrix.ch\\\/fr\\\/etrix-spring-event17-mai-2025a-regensdorf\\\/\",\"name\":\"ETRIX F\u00eate du Printemps 2025 - Action, divertissement et plaisir pour tous ! - ETRIX Elektroroller\",\"isPartOf\":{\"@id\":\"https:\\\/\\\/www.etrix.ch\\\/fr\\\/#website\"},\"primaryImageOfPage\":{\"@id\":\"https:\\\/\\\/www.etrix.ch\\\/fr\\\/etrix-spring-event17-mai-2025a-regensdorf\\\/#primaryimage\"},\"image\":{\"@id\":\"https:\\\/\\\/www.etrix.ch\\\/fr\\\/etrix-spring-event17-mai-2025a-regensdorf\\\/#primaryimage\"},\"thumbnailUrl\":\"https:\\\/\\\/www.etrix.ch\\\/media\\\/2025\\\/03\\\/SliderSprintEvent-1.png\",\"datePublished\":\"2025-03-20T16:31:01+00:00\",\"dateModified\":\"2025-06-26T09:39:28+00:00\",\"description\":\"Le Festival de Printemps ETIX, avec de nouveaux produits tels que des motos ZERO, des collaborations et des attractions. Il y en a pour tous les go\u00fbts.\",\"breadcrumb\":{\"@id\":\"https:\\\/\\\/www.etrix.ch\\\/fr\\\/etrix-spring-event17-mai-2025a-regensdorf\\\/#breadcrumb\"},\"inLanguage\":\"fr-FR\",\"potentialAction\":[{\"@type\":\"ReadAction\",\"target\":[\"https:\\\/\\\/www.etrix.ch\\\/fr\\\/etrix-spring-event17-mai-2025a-regensdorf\\\/\"]}]},{\"@type\":\"ImageObject\",\"inLanguage\":\"fr-FR\",\"@id\":\"https:\\\/\\\/www.etrix.ch\\\/fr\\\/etrix-spring-event17-mai-2025a-regensdorf\\\/#primaryimage\",\"url\":\"https:\\\/\\\/www.etrix.ch\\\/media\\\/2025\\\/03\\\/SliderSprintEvent-1.png\",\"contentUrl\":\"https:\\\/\\\/www.etrix.ch\\\/media\\\/2025\\\/03\\\/SliderSprintEvent-1.png\",\"width\":1250,\"height\":625},{\"@type\":\"BreadcrumbList\",\"@id\":\"https:\\\/\\\/www.etrix.ch\\\/fr\\\/etrix-spring-event17-mai-2025a-regensdorf\\\/#breadcrumb\",\"itemListElement\":[{\"@type\":\"ListItem\",\"position\":1,\"name\":\"Accueil\",\"item\":\"https:\\\/\\\/www.etrix.ch\\\/fr\\\/\"},{\"@type\":\"ListItem\",\"position\":2,\"name\":\"ETRIX F\u00eate du Printemps 2025 &#8211; Action, divertissement et plaisir pour tous !\"}]},{\"@type\":\"WebSite\",\"@id\":\"https:\\\/\\\/www.etrix.ch\\\/fr\\\/#website\",\"url\":\"https:\\\/\\\/www.etrix.ch\\\/fr\\\/\",\"name\":\"ETRIX Elektroroller\",\"description\":\"E-Motos\",\"publisher\":{\"@id\":\"https:\\\/\\\/www.etrix.ch\\\/fr\\\/#organization\"},\"potentialAction\":[{\"@type\":\"SearchAction\",\"target\":{\"@type\":\"EntryPoint\",\"urlTemplate\":\"https:\\\/\\\/www.etrix.ch\\\/fr\\\/?s={search_term_string}\"},\"query-input\":{\"@type\":\"PropertyValueSpecification\",\"valueRequired\":true,\"valueName\":\"search_term_string\"}}],\"inLanguage\":\"fr-FR\"},{\"@type\":[\"Organization\",\"Place\",\"MotorcycleDealer\"],\"@id\":\"https:\\\/\\\/www.etrix.ch\\\/fr\\\/#organization\",\"name\":\"ETRIX E-Motos\",\"url\":\"https:\\\/\\\/www.etrix.ch\\\/fr\\\/\",\"logo\":{\"@id\":\"https:\\\/\\\/www.etrix.ch\\\/fr\\\/etrix-spring-event17-mai-2025a-regensdorf\\\/#local-main-organization-logo\"},\"image\":{\"@id\":\"https:\\\/\\\/www.etrix.ch\\\/fr\\\/etrix-spring-event17-mai-2025a-regensdorf\\\/#local-main-organization-logo\"},\"sameAs\":[\"https:\\\/\\\/m.facebook.com\\\/etrix.emotos\\\/\",\"https:\\\/\\\/x.com\\\/etrixag\",\"https:\\\/\\\/www.instagram.com\\\/etrix_emotos\\\/p\\\/BtVW6bXHtNv\\\/\",\"https:\\\/\\\/www.linkedin.com\\\/company\\\/etrix-ag\",\"https:\\\/\\\/www.youtube.com\\\/channel\\\/UCSd-hJdu5u8xPUEY60jexOw\"],\"address\":{\"@id\":\"https:\\\/\\\/www.etrix.ch\\\/fr\\\/etrix-spring-event17-mai-2025a-regensdorf\\\/#local-main-place-address\"},\"geo\":{\"@type\":\"GeoCoordinates\",\"latitude\":\"47.43839497999372\",\"longitude\":\"8.465227605227366\"},\"telephone\":[\"043 931 00 45\"],\"openingHoursSpecification\":[{\"@type\":\"OpeningHoursSpecification\",\"dayOfWeek\":[\"Monday\",\"Sunday\"],\"opens\":\"00:00\",\"closes\":\"00:00\"},{\"@type\":\"OpeningHoursSpecification\",\"dayOfWeek\":[\"Tuesday\",\"Wednesday\",\"Thursday\",\"Friday\"],\"opens\":\"10:00\",\"closes\":\"18:00\"},{\"@type\":\"OpeningHoursSpecification\",\"dayOfWeek\":[\"Saturday\"],\"opens\":\"10:00\",\"closes\":\"15:00\"}]},{\"@type\":\"Person\",\"@id\":\"https:\\\/\\\/www.etrix.ch\\\/fr\\\/#\\\/schema\\\/person\\\/12443035bbe86c520442fdff9b1e1cb3\",\"name\":\"nadialeisi\"},{\"@type\":\"PostalAddress\",\"@id\":\"https:\\\/\\\/www.etrix.ch\\\/fr\\\/etrix-spring-event17-mai-2025a-regensdorf\\\/#local-main-place-address\",\"streetAddress\":\"Riedthofstrasse 122\",\"addressLocality\":\"Regensdorf\",\"postalCode\":\"8105\",\"addressRegion\":\"Z\u00fcrich\",\"addressCountry\":\"CH\"},{\"@type\":\"ImageObject\",\"inLanguage\":\"fr-FR\",\"@id\":\"https:\\\/\\\/www.etrix.ch\\\/fr\\\/etrix-spring-event17-mai-2025a-regensdorf\\\/#local-main-organization-logo\",\"url\":\"https:\\\/\\\/www.etrix.ch\\\/media\\\/2021\\\/05\\\/ETRIX-logo.png\",\"contentUrl\":\"https:\\\/\\\/www.etrix.ch\\\/media\\\/2021\\\/05\\\/ETRIX-logo.png\",\"width\":470,\"height\":85,\"caption\":\"ETRIX E-Motos\"}]}<\/script>\n<meta name=\"geo.placename\" content=\"Regensdorf\" \/>\n<meta name=\"geo.position\" content=\"47.43839497999372;8.465227605227366\" \/>\n<meta name=\"geo.region\" content=\"Suisse\" \/>\n<!-- \/ Yoast SEO Premium plugin. -->","yoast_head_json":{"title":"ETRIX F\u00eate du Printemps 2025 - Action, divertissement et plaisir pour tous ! - ETRIX Elektroroller","description":"Le Festival de Printemps ETIX, avec de nouveaux produits tels que des motos ZERO, des collaborations et des attractions. Il y en a pour tous les go\u00fbts.","robots":{"index":"index","follow":"follow","max-snippet":"max-snippet:-1","max-image-preview":"max-image-preview:large","max-video-preview":"max-video-preview:-1"},"canonical":"https:\/\/www.etrix.ch\/fr\/etrix-spring-event17-mai-2025a-regensdorf\/","og_locale":"fr_FR","og_type":"article","og_title":"ETRIX F\u00eate du Printemps 2025 - Action, divertissement et plaisir pour tous !","og_description":"Le Festival de Printemps ETIX, avec de nouveaux produits tels que des motos ZERO, des collaborations et des attractions. Il y en a pour tous les go\u00fbts.","og_url":"https:\/\/www.etrix.ch\/fr\/etrix-spring-event17-mai-2025a-regensdorf\/","og_site_name":"ETRIX Elektroroller","article_publisher":"https:\/\/m.facebook.com\/etrix.emotos\/","article_published_time":"2025-03-20T16:31:01+00:00","article_modified_time":"2025-06-26T09:39:28+00:00","og_image":[{"width":1250,"height":625,"url":"https:\/\/www.etrix.ch\/media\/2025\/03\/SliderSprintEvent-1.png","type":"image\/png"}],"author":"nadialeisi","twitter_card":"summary_large_image","twitter_creator":"@etrixag","twitter_site":"@etrixag","twitter_misc":{"\u00c9crit par":"nadialeisi","Dur\u00e9e de lecture estim\u00e9e":"5 minutes"},"schema":{"@context":"https:\/\/schema.org","@graph":[{"@type":"Article","@id":"https:\/\/www.etrix.ch\/fr\/etrix-spring-event17-mai-2025a-regensdorf\/#article","isPartOf":{"@id":"https:\/\/www.etrix.ch\/fr\/etrix-spring-event17-mai-2025a-regensdorf\/"},"author":{"name":"nadialeisi","@id":"https:\/\/www.etrix.ch\/fr\/#\/schema\/person\/12443035bbe86c520442fdff9b1e1cb3"},"headline":"ETRIX F\u00eate du Printemps 2025 - Action, divertissement et plaisir pour tous !","datePublished":"2025-03-20T16:31:01+00:00","dateModified":"2025-06-26T09:39:28+00:00","mainEntityOfPage":{"@id":"https:\/\/www.etrix.ch\/fr\/etrix-spring-event17-mai-2025a-regensdorf\/"},"wordCount":1109,"publisher":{"@id":"https:\/\/www.etrix.ch\/fr\/#organization"},"image":{"@id":"https:\/\/www.etrix.ch\/fr\/etrix-spring-event17-mai-2025a-regensdorf\/#primaryimage"},"thumbnailUrl":"https:\/\/www.etrix.ch\/media\/2025\/03\/SliderSprintEvent-1.png","articleSection":["Non classifi\u00e9(e)"],"inLanguage":"fr-FR","copyrightYear":"2025","copyrightHolder":{"@id":"https:\/\/www.etrix.ch\/#organization"}},{"@type":"WebPage","@id":"https:\/\/www.etrix.ch\/fr\/etrix-spring-event17-mai-2025a-regensdorf\/","url":"https:\/\/www.etrix.ch\/fr\/etrix-spring-event17-mai-2025a-regensdorf\/","name":"ETRIX F\u00eate du Printemps 2025 - Action, divertissement et plaisir pour tous ! - ETRIX Elektroroller","isPartOf":{"@id":"https:\/\/www.etrix.ch\/fr\/#website"},"primaryImageOfPage":{"@id":"https:\/\/www.etrix.ch\/fr\/etrix-spring-event17-mai-2025a-regensdorf\/#primaryimage"},"image":{"@id":"https:\/\/www.etrix.ch\/fr\/etrix-spring-event17-mai-2025a-regensdorf\/#primaryimage"},"thumbnailUrl":"https:\/\/www.etrix.ch\/media\/2025\/03\/SliderSprintEvent-1.png","datePublished":"2025-03-20T16:31:01+00:00","dateModified":"2025-06-26T09:39:28+00:00","description":"Le Festival de Printemps ETIX, avec de nouveaux produits tels que des motos ZERO, des collaborations et des attractions. Il y en a pour tous les go\u00fbts.","breadcrumb":{"@id":"https:\/\/www.etrix.ch\/fr\/etrix-spring-event17-mai-2025a-regensdorf\/#breadcrumb"},"inLanguage":"fr-FR","potentialAction":[{"@type":"ReadAction","target":["https:\/\/www.etrix.ch\/fr\/etrix-spring-event17-mai-2025a-regensdorf\/"]}]},{"@type":"ImageObject","inLanguage":"fr-FR","@id":"https:\/\/www.etrix.ch\/fr\/etrix-spring-event17-mai-2025a-regensdorf\/#primaryimage","url":"https:\/\/www.etrix.ch\/media\/2025\/03\/SliderSprintEvent-1.png","contentUrl":"https:\/\/www.etrix.ch\/media\/2025\/03\/SliderSprintEvent-1.png","width":1250,"height":625},{"@type":"BreadcrumbList","@id":"https:\/\/www.etrix.ch\/fr\/etrix-spring-event17-mai-2025a-regensdorf\/#breadcrumb","itemListElement":[{"@type":"ListItem","position":1,"name":"Accueil","item":"https:\/\/www.etrix.ch\/fr\/"},{"@type":"ListItem","position":2,"name":"ETRIX F\u00eate du Printemps 2025 &#8211; Action, divertissement et plaisir pour tous !"}]},{"@type":"WebSite","@id":"https:\/\/www.etrix.ch\/fr\/#website","url":"https:\/\/www.etrix.ch\/fr\/","name":"ETRIX Elektroroller","description":"E-Motos","publisher":{"@id":"https:\/\/www.etrix.ch\/fr\/#organization"},"potentialAction":[{"@type":"SearchAction","target":{"@type":"EntryPoint","urlTemplate":"https:\/\/www.etrix.ch\/fr\/?s={search_term_string}"},"query-input":{"@type":"PropertyValueSpecification","valueRequired":true,"valueName":"search_term_string"}}],"inLanguage":"fr-FR"},{"@type":["Organization","Place","MotorcycleDealer"],"@id":"https:\/\/www.etrix.ch\/fr\/#organization","name":"ETRIX E-Motos","url":"https:\/\/www.etrix.ch\/fr\/","logo":{"@id":"https:\/\/www.etrix.ch\/fr\/etrix-spring-event17-mai-2025a-regensdorf\/#local-main-organization-logo"},"image":{"@id":"https:\/\/www.etrix.ch\/fr\/etrix-spring-event17-mai-2025a-regensdorf\/#local-main-organization-logo"},"sameAs":["https:\/\/m.facebook.com\/etrix.emotos\/","https:\/\/x.com\/etrixag","https:\/\/www.instagram.com\/etrix_emotos\/p\/BtVW6bXHtNv\/","https:\/\/www.linkedin.com\/company\/etrix-ag","https:\/\/www.youtube.com\/channel\/UCSd-hJdu5u8xPUEY60jexOw"],"address":{"@id":"https:\/\/www.etrix.ch\/fr\/etrix-spring-event17-mai-2025a-regensdorf\/#local-main-place-address"},"geo":{"@type":"GeoCoordinates","latitude":"47.43839497999372","longitude":"8.465227605227366"},"telephone":["043 931 00 45"],"openingHoursSpecification":[{"@type":"OpeningHoursSpecification","dayOfWeek":["Monday","Sunday"],"opens":"00:00","closes":"00:00"},{"@type":"OpeningHoursSpecification","dayOfWeek":["Tuesday","Wednesday","Thursday","Friday"],"opens":"10:00","closes":"18:00"},{"@type":"OpeningHoursSpecification","dayOfWeek":["Saturday"],"opens":"10:00","closes":"15:00"}]},{"@type":"Person","@id":"https:\/\/www.etrix.ch\/fr\/#\/schema\/person\/12443035bbe86c520442fdff9b1e1cb3","name":"nadialeisi"},{"@type":"PostalAddress","@id":"https:\/\/www.etrix.ch\/fr\/etrix-spring-event17-mai-2025a-regensdorf\/#local-main-place-address","streetAddress":"Riedthofstrasse 122","addressLocality":"Regensdorf","postalCode":"8105","addressRegion":"Z\u00fcrich","addressCountry":"CH"},{"@type":"ImageObject","inLanguage":"fr-FR","@id":"https:\/\/www.etrix.ch\/fr\/etrix-spring-event17-mai-2025a-regensdorf\/#local-main-organization-logo","url":"https:\/\/www.etrix.ch\/media\/2021\/05\/ETRIX-logo.png","contentUrl":"https:\/\/www.etrix.ch\/media\/2021\/05\/ETRIX-logo.png","width":470,"height":85,"caption":"ETRIX E-Motos"}]},"geo.placename":"Regensdorf","geo.position":{"lat":"47.43839497999372","long":"8.465227605227366"},"geo.region":"Suisse"},"_links":{"self":[{"href":"https:\/\/www.etrix.ch\/fr\/wp-json\/wp\/v2\/posts\/33656","targetHints":{"allow":["GET"]}}],"collection":[{"href":"https:\/\/www.etrix.ch\/fr\/wp-json\/wp\/v2\/posts"}],"about":[{"href":"https:\/\/www.etrix.ch\/fr\/wp-json\/wp\/v2\/types\/post"}],"author":[{"embeddable":true,"href":"https:\/\/www.etrix.ch\/fr\/wp-json\/wp\/v2\/users\/7"}],"replies":[{"embeddable":true,"href":"https:\/\/www.etrix.ch\/fr\/wp-json\/wp\/v2\/comments?post=33656"}],"version-history":[{"count":0,"href":"https:\/\/www.etrix.ch\/fr\/wp-json\/wp\/v2\/posts\/33656\/revisions"}],"wp:featuredmedia":[{"embeddable":true,"href":"https:\/\/www.etrix.ch\/fr\/wp-json\/wp\/v2\/media\/33527"}],"wp:attachment":[{"href":"https:\/\/www.etrix.ch\/fr\/wp-json\/wp\/v2\/media?parent=33656"}],"wp:term":[{"taxonomy":"category","embeddable":true,"href":"https:\/\/www.etrix.ch\/fr\/wp-json\/wp\/v2\/categories?post=33656"},{"taxonomy":"post_tag","embeddable":true,"href":"https:\/\/www.etrix.ch\/fr\/wp-json\/wp\/v2\/tags?post=33656"}],"curies":[{"name":"wp","href":"https:\/\/api.w.org\/{rel}","templated":true}]}}