{"id":29702,"date":"2024-07-13T14:11:29","date_gmt":"2024-07-13T12:11:29","guid":{"rendered":"https:\/\/www.etrix.ch\/concours-des-vacances-dete-zero-essai-routier\/"},"modified":"2025-06-26T17:38:35","modified_gmt":"2025-06-26T15:38:35","slug":"concours-des-vacances-dete-zero-essai-routier","status":"publish","type":"post","link":"https:\/\/www.etrix.ch\/fr\/concours-des-vacances-dete-zero-essai-routier\/","title":{"rendered":"ZERO - Concours d&rsquo;\u00e9t\u00e9"},"content":{"rendered":"\n<div class=\"wp-block-columns alignfull is-style-spalte-top-bild is-layout-flex wp-container-core-columns-is-layout-9d6595d7 wp-block-columns-is-layout-flex\">\n<div class=\"wp-block-column is-style-top-bild-mask has-accent-color has-text-color is-layout-flow wp-block-column-is-layout-flow\">\n<figure class=\"wp-block-image alignfull size-full is-style-bild-center\"><img decoding=\"async\" width=\"2500\" height=\"1052\" src=\"https:\/\/www.etrix.ch\/media\/2024\/07\/wettbewerb-zero-etrix-probefahren-regensdorf-zuerich-2.jpg\" alt=\"Concours Zero Etrix Essai routier Regensdorf Zurich 2\" class=\"wp-image-29728\" srcset=\"https:\/\/www.etrix.ch\/media\/2024\/07\/wettbewerb-zero-etrix-probefahren-regensdorf-zuerich-2.jpg 2500w, https:\/\/www.etrix.ch\/media\/2024\/07\/wettbewerb-zero-etrix-probefahren-regensdorf-zuerich-2-300x126.jpg 300w, https:\/\/www.etrix.ch\/media\/2024\/07\/wettbewerb-zero-etrix-probefahren-regensdorf-zuerich-2-1024x431.jpg 1024w, https:\/\/www.etrix.ch\/media\/2024\/07\/wettbewerb-zero-etrix-probefahren-regensdorf-zuerich-2-768x323.jpg 768w, https:\/\/www.etrix.ch\/media\/2024\/07\/wettbewerb-zero-etrix-probefahren-regensdorf-zuerich-2-1536x646.jpg 1536w, https:\/\/www.etrix.ch\/media\/2024\/07\/wettbewerb-zero-etrix-probefahren-regensdorf-zuerich-2-2048x862.jpg 2048w, https:\/\/www.etrix.ch\/media\/2024\/07\/wettbewerb-zero-etrix-probefahren-regensdorf-zuerich-2-1320x555.jpg 1320w, https:\/\/www.etrix.ch\/media\/2024\/07\/wettbewerb-zero-etrix-probefahren-regensdorf-zuerich-2-900x379.jpg 900w\" sizes=\"(max-width: 2500px) 100vw, 2500px\"><figcaption class=\"wp-element-caption\">Caofen F80 \u00e0 l\u2019eMoto Urban Cup<\/figcaption><\/figure>\n<\/div>\n<\/div>\n\n<div class=\"wp-block-columns is-layout-flex wp-container-core-columns-is-layout-9d6595d7 wp-block-columns-is-layout-flex\">\n<div class=\"wp-block-column is-layout-flow wp-block-column-is-layout-flow\">\n<div class=\"wp-block-columns is-layout-flex wp-container-core-columns-is-layout-9d6595d7 wp-block-columns-is-layout-flex\">\n<div class=\"wp-block-column is-layout-flow wp-block-column-is-layout-flow\" style=\"flex-basis:15%\"><\/div>\n\n\n\n<div class=\"wp-block-column is-layout-flow wp-block-column-is-layout-flow\" style=\"flex-basis:70%\"><h1 class=\"wp-block-post-title\">ZERO - Concours d\u2019\u00e9t\u00e9<\/h1>\n\n\n<p><strong>Chers amis motards<\/strong><\/p>\n\n\n\n<p>L\u2019\u00e9t\u00e9 approche et c\u2019est l\u2019occasion id\u00e9ale de d\u00e9couvrir les joies de la conduite \u00e9lectrique \u00e0 un nouveau niveau ! Pendant les vacances d\u2019\u00e9t\u00e9, nous vous proposons de <strong>gagner une Zero Motorcycle pendant deux semaines et de profiter d\u2019une libert\u00e9 totale sur deux roues.<\/strong> <\/p>\n\n\n\n<p><strong>Comment pouvez-vous participer ?<\/strong> C\u2019est tr\u00e8s simple :<br>Passez \u00e0 notre magasin de Regensdorf, testez l\u2019un de nos v\u00e9los Zero et assurez-vous d\u2019avoir une chance de participer au concours. L\u2019essai n\u2019est pas seulement une exp\u00e9rience en soi, c\u2019est aussi votre ticket de participation. <\/p>\n\n\n\n<p><strong>Alors n\u2019h\u00e9sitez pas \u00e0 venir nous rendre visite, \u00e0 d\u00e9couvrir l\u2019avenir de la moto en direct et \u00e0 tenter votre chance !<\/strong><\/p>\n\n\n\n<h3 class=\"wp-block-heading\" id=\"h-impressionen-zero-motocycles\">Impressions ZERO Motocycles<\/h3>\n\n\n\n<div style=\"height:20px\" aria-hidden=\"true\" class=\"wp-block-spacer\"><\/div>\n\n\n\n<figure class=\"wp-block-image size-full is-resized\"><img decoding=\"async\" width=\"2048\" height=\"1152\" src=\"https:\/\/www.etrix.ch\/media\/2024\/05\/Zero-FB-1-elektromotorrad-etrix-regensdorf-zuerich.jpeg\" alt=\"Moto \u00e9lectrique Zero Fb 1 Etrix Regensdorf Zurich\" class=\"wp-image-28962\" style=\"width:688px;height:auto\" srcset=\"https:\/\/www.etrix.ch\/media\/2024\/05\/Zero-FB-1-elektromotorrad-etrix-regensdorf-zuerich.jpeg 2048w, https:\/\/www.etrix.ch\/media\/2024\/05\/Zero-FB-1-elektromotorrad-etrix-regensdorf-zuerich-300x169.jpeg 300w, https:\/\/www.etrix.ch\/media\/2024\/05\/Zero-FB-1-elektromotorrad-etrix-regensdorf-zuerich-1024x576.jpeg 1024w, https:\/\/www.etrix.ch\/media\/2024\/05\/Zero-FB-1-elektromotorrad-etrix-regensdorf-zuerich-768x432.jpeg 768w, https:\/\/www.etrix.ch\/media\/2024\/05\/Zero-FB-1-elektromotorrad-etrix-regensdorf-zuerich-1536x864.jpeg 1536w, https:\/\/www.etrix.ch\/media\/2024\/05\/Zero-FB-1-elektromotorrad-etrix-regensdorf-zuerich-1320x743.jpeg 1320w, https:\/\/www.etrix.ch\/media\/2024\/05\/Zero-FB-1-elektromotorrad-etrix-regensdorf-zuerich-900x506.jpeg 900w\" sizes=\"(max-width: 2048px) 100vw, 2048px\"><\/figure>\n\n\n\n<div style=\"height:20px\" aria-hidden=\"true\" class=\"wp-block-spacer\"><\/div>\n\n\n\n<figure class=\"wp-block-image size-full is-resized\"><img decoding=\"async\" width=\"1920\" height=\"1280\" src=\"https:\/\/www.etrix.ch\/media\/2024\/04\/zero-sfxe-motor-elektro-motorrad-black-etrix-bemoto-min.jpeg\" alt=\"Zero Sfxe Motor Moto Electrique Noir Etrix Bemoto Min\" class=\"wp-image-24786\" style=\"width:688px;height:auto\" srcset=\"https:\/\/www.etrix.ch\/media\/2024\/04\/zero-sfxe-motor-elektro-motorrad-black-etrix-bemoto-min.jpeg 1920w, https:\/\/www.etrix.ch\/media\/2024\/04\/zero-sfxe-motor-elektro-motorrad-black-etrix-bemoto-min-900x600.jpeg 900w, https:\/\/www.etrix.ch\/media\/2024\/04\/zero-sfxe-motor-elektro-motorrad-black-etrix-bemoto-min-300x200.jpeg 300w, https:\/\/www.etrix.ch\/media\/2024\/04\/zero-sfxe-motor-elektro-motorrad-black-etrix-bemoto-min-1024x683.jpeg 1024w, https:\/\/www.etrix.ch\/media\/2024\/04\/zero-sfxe-motor-elektro-motorrad-black-etrix-bemoto-min-768x512.jpeg 768w, https:\/\/www.etrix.ch\/media\/2024\/04\/zero-sfxe-motor-elektro-motorrad-black-etrix-bemoto-min-1536x1024.jpeg 1536w, https:\/\/www.etrix.ch\/media\/2024\/04\/zero-sfxe-motor-elektro-motorrad-black-etrix-bemoto-min-1320x880.jpeg 1320w\" sizes=\"(max-width: 1920px) 100vw, 1920px\"><\/figure>\n\n\n\n<div style=\"height:20px\" aria-hidden=\"true\" class=\"wp-block-spacer\"><\/div>\n\n\n\n<figure class=\"wp-block-image size-full is-resized\"><img decoding=\"async\" width=\"1920\" height=\"1920\" src=\"https:\/\/www.etrix.ch\/media\/2024\/04\/Fruehlingsfest-etrix-regensdorf-zuerich-2024-5.jpeg\" alt=\"Festival de printemps Etrix Regensdorf Zurich 2024 5\" class=\"wp-image-24888\" style=\"width:688px;height:auto\" srcset=\"https:\/\/www.etrix.ch\/media\/2024\/04\/Fruehlingsfest-etrix-regensdorf-zuerich-2024-5.jpeg 1920w, https:\/\/www.etrix.ch\/media\/2024\/04\/Fruehlingsfest-etrix-regensdorf-zuerich-2024-5-600x600.jpeg 600w, https:\/\/www.etrix.ch\/media\/2024\/04\/Fruehlingsfest-etrix-regensdorf-zuerich-2024-5-100x100.jpeg 100w, https:\/\/www.etrix.ch\/media\/2024\/04\/Fruehlingsfest-etrix-regensdorf-zuerich-2024-5-900x900.jpeg 900w, https:\/\/www.etrix.ch\/media\/2024\/04\/Fruehlingsfest-etrix-regensdorf-zuerich-2024-5-300x300.jpeg 300w, https:\/\/www.etrix.ch\/media\/2024\/04\/Fruehlingsfest-etrix-regensdorf-zuerich-2024-5-1024x1024.jpeg 1024w, https:\/\/www.etrix.ch\/media\/2024\/04\/Fruehlingsfest-etrix-regensdorf-zuerich-2024-5-150x150.jpeg 150w, https:\/\/www.etrix.ch\/media\/2024\/04\/Fruehlingsfest-etrix-regensdorf-zuerich-2024-5-768x768.jpeg 768w, https:\/\/www.etrix.ch\/media\/2024\/04\/Fruehlingsfest-etrix-regensdorf-zuerich-2024-5-1536x1536.jpeg 1536w, https:\/\/www.etrix.ch\/media\/2024\/04\/Fruehlingsfest-etrix-regensdorf-zuerich-2024-5-1320x1320.jpeg 1320w, https:\/\/www.etrix.ch\/media\/2024\/04\/Fruehlingsfest-etrix-regensdorf-zuerich-2024-5-460x460.jpeg 460w\" sizes=\"(max-width: 1920px) 100vw, 1920px\"><\/figure>\n\n\n\n<div style=\"height:20px\" aria-hidden=\"true\" class=\"wp-block-spacer\"><\/div>\n\n\n\n<figure class=\"wp-block-image size-full is-resized\"><a href=\"https:\/\/www.etrix.ch\/fr\/a-propos-de-nous\/\"><img decoding=\"async\" width=\"1440\" height=\"1440\" src=\"https:\/\/www.etrix.ch\/media\/2024\/07\/etrix-team-zero-regensdorf-zuerich.jpeg\" alt=\"Etrix Team Zero Regensdorf Zurich\" class=\"wp-image-29695\" style=\"width:688px;height:auto\" srcset=\"https:\/\/www.etrix.ch\/media\/2024\/07\/etrix-team-zero-regensdorf-zuerich.jpeg 1440w, https:\/\/www.etrix.ch\/media\/2024\/07\/etrix-team-zero-regensdorf-zuerich-300x300.jpeg 300w, https:\/\/www.etrix.ch\/media\/2024\/07\/etrix-team-zero-regensdorf-zuerich-1024x1024.jpeg 1024w, https:\/\/www.etrix.ch\/media\/2024\/07\/etrix-team-zero-regensdorf-zuerich-150x150.jpeg 150w, https:\/\/www.etrix.ch\/media\/2024\/07\/etrix-team-zero-regensdorf-zuerich-768x768.jpeg 768w, https:\/\/www.etrix.ch\/media\/2024\/07\/etrix-team-zero-regensdorf-zuerich-1320x1320.jpeg 1320w, https:\/\/www.etrix.ch\/media\/2024\/07\/etrix-team-zero-regensdorf-zuerich-600x600.jpeg 600w, https:\/\/www.etrix.ch\/media\/2024\/07\/etrix-team-zero-regensdorf-zuerich-900x900.jpeg 900w, https:\/\/www.etrix.ch\/media\/2024\/07\/etrix-team-zero-regensdorf-zuerich-100x100.jpeg 100w, https:\/\/www.etrix.ch\/media\/2024\/07\/etrix-team-zero-regensdorf-zuerich-460x460.jpeg 460w\" sizes=\"(max-width: 1440px) 100vw, 1440px\"><\/a><\/figure>\n\n\n\n<p><\/p>\n\n\n\n<div style=\"height:49px\" aria-hidden=\"true\" class=\"wp-block-spacer\"><\/div>\n<\/div>\n\n\n\n<div class=\"wp-block-column is-layout-flow wp-block-column-is-layout-flow\" style=\"flex-basis:15%\"><\/div>\n<\/div>\n<\/div>\n<\/div>\n\n<h2 class=\"wp-block-heading\" id=\"h-zero-im-etrix-shop\">Zero dans la boutique ETRIX<\/h2>\n\n<h3 class=\"wp-block-heading\" id=\"zero-s-line\">Ligne ZERO S<\/h3>\n\n<div class=\"wp-block-columns is-style-spalten-boxed is-layout-flex wp-container-core-columns-is-layout-9d6595d7 wp-block-columns-is-layout-flex\">\n<div class=\"wp-block-column is-layout-flow wp-block-column-is-layout-flow\">\n<figure class=\"wp-block-image size-large\"><img decoding=\"async\" width=\"1024\" height=\"639\" src=\"https:\/\/www.etrix.ch\/media\/2024\/04\/zero-sfxe-4-elektro-motorrad-black-etrix-min-1024x639.png\" alt=\"Moto Electrique Zero Sfxe 4 Noir Etrix Min\" class=\"wp-image-24729\" srcset=\"https:\/\/www.etrix.ch\/media\/2024\/04\/zero-sfxe-4-elektro-motorrad-black-etrix-min-1024x639.png 1024w, https:\/\/www.etrix.ch\/media\/2024\/04\/zero-sfxe-4-elektro-motorrad-black-etrix-min-900x562.png 900w, https:\/\/www.etrix.ch\/media\/2024\/04\/zero-sfxe-4-elektro-motorrad-black-etrix-min-300x187.png 300w, https:\/\/www.etrix.ch\/media\/2024\/04\/zero-sfxe-4-elektro-motorrad-black-etrix-min-768x480.png 768w, https:\/\/www.etrix.ch\/media\/2024\/04\/zero-sfxe-4-elektro-motorrad-black-etrix-min-1536x959.png 1536w, https:\/\/www.etrix.ch\/media\/2024\/04\/zero-sfxe-4-elektro-motorrad-black-etrix-min-1320x824.png 1320w, https:\/\/www.etrix.ch\/media\/2024\/04\/zero-sfxe-4-elektro-motorrad-black-etrix-min.png 1920w\" sizes=\"(max-width: 1024px) 100vw, 1024px\"><\/figure>\n\n\n\n<h2 class=\"wp-block-heading\" id=\"elektro-lieferroller-s02\">Z\u00c9RO SR\/S<\/h2>\n\n\n<div class=\"gb-container gb-container-3cae2d72\">\n\n<span class=\"speed-icon\"><\/span>\n\n\n\n<p>200 km\/h<\/p>\n\n<\/div>\n\n<div class=\"gb-container gb-container-42d90d30\">\n\n<span class=\"reichweite-icon\"><\/span>\n\n\n\n<p>275 kilom\u00e8tres<\/p>\n\n<\/div>\n\n<div class=\"gb-container gb-container-e9ca2271\">\n\n<span class=\"money-icon\"><\/span>\n\n\n\n<p>\u00e0 partir de CHF 22\u2019990<\/p>\n\n<\/div>\n\n\n<p><strong><a href=\"https:\/\/zeromotorcycles.com\/de-ch\/model\/zero-srs\" target=\"_blank\" rel=\"noreferrer noopener\">&gt;  En savoir plus<\/a><\/strong><br><\/p>\n<\/div>\n\n\n\n<div class=\"wp-block-column is-layout-flow wp-block-column-is-layout-flow\">\n<figure class=\"wp-block-image size-large\"><img decoding=\"async\" width=\"1024\" height=\"639\" src=\"https:\/\/www.etrix.ch\/media\/2024\/04\/zero-srf-4-elektro-motorrad-thermal-black-etrix-min-1024x639.png\" alt=\"Moto Electrique Zero Srf 4 Thermique Noir Etrix Min\" class=\"wp-image-24721\" srcset=\"https:\/\/www.etrix.ch\/media\/2024\/04\/zero-srf-4-elektro-motorrad-thermal-black-etrix-min-1024x639.png 1024w, https:\/\/www.etrix.ch\/media\/2024\/04\/zero-srf-4-elektro-motorrad-thermal-black-etrix-min-900x562.png 900w, https:\/\/www.etrix.ch\/media\/2024\/04\/zero-srf-4-elektro-motorrad-thermal-black-etrix-min-300x187.png 300w, https:\/\/www.etrix.ch\/media\/2024\/04\/zero-srf-4-elektro-motorrad-thermal-black-etrix-min-768x480.png 768w, https:\/\/www.etrix.ch\/media\/2024\/04\/zero-srf-4-elektro-motorrad-thermal-black-etrix-min-1536x959.png 1536w, https:\/\/www.etrix.ch\/media\/2024\/04\/zero-srf-4-elektro-motorrad-thermal-black-etrix-min-1320x824.png 1320w, https:\/\/www.etrix.ch\/media\/2024\/04\/zero-srf-4-elektro-motorrad-thermal-black-etrix-min.png 1920w\" sizes=\"(max-width: 1024px) 100vw, 1024px\"><\/figure>\n\n\n\n<h2 class=\"wp-block-heading\" id=\"elektro-lieferroller-s02\">Z\u00c9RO SR\/F<\/h2>\n\n\n<div class=\"gb-container gb-container-cc92aeb9\">\n\n<span class=\"speed-icon\"><\/span>\n\n\n\n<p>200 km\/h<\/p>\n\n<\/div>\n\n<div class=\"gb-container gb-container-5a12a3ee\">\n\n<span class=\"reichweite-icon\"><\/span>\n\n\n\n<p>283 kilom\u00e8tres<\/p>\n\n<\/div>\n\n<div class=\"gb-container gb-container-ff2960fc\">\n\n<span class=\"money-icon\"><\/span>\n\n\n\n<p>\u00e0 partir de CHF 22\u2019590<\/p>\n\n<\/div>\n\n\n<p><strong><a href=\"https:\/\/zeromotorcycles.com\/de-ch\/model\/zero-srf\" target=\"_blank\" rel=\"noreferrer noopener\">&gt;  En savoir plus<\/a><\/strong><\/p>\n<\/div>\n\n\n\n<div class=\"wp-block-column is-layout-flow wp-block-column-is-layout-flow\">\n<figure class=\"wp-block-image size-large\"><img decoding=\"async\" width=\"1024\" height=\"639\" src=\"https:\/\/www.etrix.ch\/media\/2024\/04\/zero-sr-4-elektro-motorrad-red-black-etrix-min-1024x639.png\" alt=\"Moto Electrique Zero Sr 4 Rouge Noir Etrix Min\" class=\"wp-image-24725\" srcset=\"https:\/\/www.etrix.ch\/media\/2024\/04\/zero-sr-4-elektro-motorrad-red-black-etrix-min-1024x639.png 1024w, https:\/\/www.etrix.ch\/media\/2024\/04\/zero-sr-4-elektro-motorrad-red-black-etrix-min-900x562.png 900w, https:\/\/www.etrix.ch\/media\/2024\/04\/zero-sr-4-elektro-motorrad-red-black-etrix-min-300x187.png 300w, https:\/\/www.etrix.ch\/media\/2024\/04\/zero-sr-4-elektro-motorrad-red-black-etrix-min-768x480.png 768w, https:\/\/www.etrix.ch\/media\/2024\/04\/zero-sr-4-elektro-motorrad-red-black-etrix-min-1536x959.png 1536w, https:\/\/www.etrix.ch\/media\/2024\/04\/zero-sr-4-elektro-motorrad-red-black-etrix-min-1320x824.png 1320w, https:\/\/www.etrix.ch\/media\/2024\/04\/zero-sr-4-elektro-motorrad-red-black-etrix-min.png 1920w\" sizes=\"(max-width: 1024px) 100vw, 1024px\"><\/figure>\n\n\n\n<h2 class=\"wp-block-heading\" id=\"elektro-lieferroller-s02\">Z\u00c9RO SR<\/h2>\n\n\n<div class=\"gb-container gb-container-9e240e13\">\n\n<span class=\"speed-icon\"><\/span>\n\n\n\n<p>150 km\/h<\/p>\n\n<\/div>\n\n<div class=\"gb-container gb-container-06bba392\">\n\n<span class=\"reichweite-icon\"><\/span>\n\n\n\n<p>253 kilom\u00e8tres<\/p>\n\n<\/div>\n\n<div class=\"gb-container gb-container-b0b2dcf1\">\n\n<span class=\"money-icon\"><\/span>\n\n\n\n<p>\u00e0 partir de CHF 17\u2019900<\/p>\n\n<\/div>\n\n\n<p><strong><a href=\"https:\/\/zeromotorcycles.com\/de-ch\/model\/zero-sr\" target=\"_blank\" rel=\"noreferrer noopener\">&gt;  En savoir plus<\/a><\/strong><br><\/p>\n<\/div>\n\n\n\n<div class=\"wp-block-column is-layout-flow wp-block-column-is-layout-flow\">\n<figure class=\"wp-block-image size-large\"><img decoding=\"async\" width=\"1024\" height=\"639\" src=\"https:\/\/www.etrix.ch\/media\/2024\/04\/zero-s-4-elektro-motorrad-white-silver-etrix-min-1024x639.png\" alt=\"Moto Electrique Zero S 4 Blanc Argent Etrix Min\" class=\"wp-image-24733\" srcset=\"https:\/\/www.etrix.ch\/media\/2024\/04\/zero-s-4-elektro-motorrad-white-silver-etrix-min-1024x639.png 1024w, https:\/\/www.etrix.ch\/media\/2024\/04\/zero-s-4-elektro-motorrad-white-silver-etrix-min-900x562.png 900w, https:\/\/www.etrix.ch\/media\/2024\/04\/zero-s-4-elektro-motorrad-white-silver-etrix-min-300x187.png 300w, https:\/\/www.etrix.ch\/media\/2024\/04\/zero-s-4-elektro-motorrad-white-silver-etrix-min-768x480.png 768w, https:\/\/www.etrix.ch\/media\/2024\/04\/zero-s-4-elektro-motorrad-white-silver-etrix-min-1536x959.png 1536w, https:\/\/www.etrix.ch\/media\/2024\/04\/zero-s-4-elektro-motorrad-white-silver-etrix-min-1320x824.png 1320w, https:\/\/www.etrix.ch\/media\/2024\/04\/zero-s-4-elektro-motorrad-white-silver-etrix-min.png 1920w\" sizes=\"(max-width: 1024px) 100vw, 1024px\"><\/figure>\n\n\n\n<h2 class=\"wp-block-heading\" id=\"elektro-lieferroller-s02\">Z\u00c9RO S<\/h2>\n\n\n<div class=\"gb-container gb-container-0fa39f5a\">\n\n<span class=\"speed-icon\"><\/span>\n\n\n\n<p>139 km\/h<\/p>\n\n<\/div>\n\n<div class=\"gb-container gb-container-378857d6\">\n\n<span class=\"reichweite-icon\"><\/span>\n\n\n\n<p>248 kilom\u00e8tres<\/p>\n\n<\/div>\n\n<div class=\"gb-container gb-container-ceff1515\">\n\n<span class=\"money-icon\"><\/span>\n\n\n\n<p>\u00e0 partir de CHF 16\u2019990<\/p>\n\n<\/div>\n\n\n<p><strong><a href=\"https:\/\/zeromotorcycles.com\/de-ch\/model\/zero-s\" target=\"_blank\" rel=\"noreferrer noopener\">&gt;  En savoir plus<\/a><\/strong><br><\/p>\n<\/div>\n<\/div>\n\n<h3 class=\"wp-block-heading\" id=\"zero-ds-line\">Ligne ZERO DS<\/h3>\n\n<div class=\"wp-block-columns is-style-spalten-boxed is-layout-flex wp-container-core-columns-is-layout-9d6595d7 wp-block-columns-is-layout-flex\">\n<div class=\"wp-block-column is-layout-flow wp-block-column-is-layout-flow\">\n<figure class=\"wp-block-image size-large\"><img decoding=\"async\" width=\"1024\" height=\"639\" src=\"https:\/\/www.etrix.ch\/media\/2024\/04\/zero-dsrx-4-elektro-motorrad-tungsten-etrix-1024x639.png\" alt=\"Zero Dsrx 4 Moto \u00e9lectrique Tungst\u00e8ne Etrix\" class=\"wp-image-24749\" srcset=\"https:\/\/www.etrix.ch\/media\/2024\/04\/zero-dsrx-4-elektro-motorrad-tungsten-etrix-1024x639.png 1024w, https:\/\/www.etrix.ch\/media\/2024\/04\/zero-dsrx-4-elektro-motorrad-tungsten-etrix-900x562.png 900w, https:\/\/www.etrix.ch\/media\/2024\/04\/zero-dsrx-4-elektro-motorrad-tungsten-etrix-300x187.png 300w, https:\/\/www.etrix.ch\/media\/2024\/04\/zero-dsrx-4-elektro-motorrad-tungsten-etrix-768x480.png 768w, https:\/\/www.etrix.ch\/media\/2024\/04\/zero-dsrx-4-elektro-motorrad-tungsten-etrix-1536x959.png 1536w, https:\/\/www.etrix.ch\/media\/2024\/04\/zero-dsrx-4-elektro-motorrad-tungsten-etrix-1320x824.png 1320w, https:\/\/www.etrix.ch\/media\/2024\/04\/zero-dsrx-4-elektro-motorrad-tungsten-etrix.png 1920w\" sizes=\"(max-width: 1024px) 100vw, 1024px\"><\/figure>\n\n\n\n<h2 class=\"wp-block-heading\" id=\"elektro-lieferroller-s02\">Z\u00c9RO DSR\/X<\/h2>\n\n\n<div class=\"gb-container gb-container-475f2d28\">\n\n<span class=\"speed-icon\"><\/span>\n\n\n\n<p>180 km\/h<\/p>\n\n<\/div>\n\n<div class=\"gb-container gb-container-cfa3c4f7\">\n\n<span class=\"reichweite-icon\"><\/span>\n\n\n\n<p>288 kilom\u00e8tres<\/p>\n\n<\/div>\n\n<div class=\"gb-container gb-container-c85ef0ef\">\n\n<span class=\"money-icon\"><\/span>\n\n\n\n<p>\u00e0 partir de CHF 22\u2019990<\/p>\n\n<\/div>\n\n\n<p><strong><a href=\"https:\/\/zeromotorcycles.com\/de-ch\/model\/zero-dsrx\" target=\"_blank\" rel=\"noreferrer noopener\">&gt;  En savoir plus<\/a><\/strong><br><\/p>\n<\/div>\n\n\n\n<div class=\"wp-block-column is-layout-flow wp-block-column-is-layout-flow\">\n<figure class=\"wp-block-image size-large\"><img decoding=\"async\" width=\"1024\" height=\"639\" src=\"https:\/\/www.etrix.ch\/media\/2024\/04\/zero-dsr-4-elektro-motorrad-silver-etrix-1024x639.png\" alt=\"Moto Electrique Zero DSR 4 Silver Etrix\" class=\"wp-image-24745\" srcset=\"https:\/\/www.etrix.ch\/media\/2024\/04\/zero-dsr-4-elektro-motorrad-silver-etrix-1024x639.png 1024w, https:\/\/www.etrix.ch\/media\/2024\/04\/zero-dsr-4-elektro-motorrad-silver-etrix-900x562.png 900w, https:\/\/www.etrix.ch\/media\/2024\/04\/zero-dsr-4-elektro-motorrad-silver-etrix-300x187.png 300w, https:\/\/www.etrix.ch\/media\/2024\/04\/zero-dsr-4-elektro-motorrad-silver-etrix-768x480.png 768w, https:\/\/www.etrix.ch\/media\/2024\/04\/zero-dsr-4-elektro-motorrad-silver-etrix-1536x959.png 1536w, https:\/\/www.etrix.ch\/media\/2024\/04\/zero-dsr-4-elektro-motorrad-silver-etrix-1320x824.png 1320w, https:\/\/www.etrix.ch\/media\/2024\/04\/zero-dsr-4-elektro-motorrad-silver-etrix.png 1920w\" sizes=\"(max-width: 1024px) 100vw, 1024px\"><\/figure>\n\n\n\n<h2 class=\"wp-block-heading\" id=\"elektro-lieferroller-s02\">Z\u00c9RO DSR<\/h2>\n\n\n<div class=\"gb-container gb-container-e5e04ffa\">\n\n<span class=\"speed-icon\"><\/span>\n\n\n\n<p>150 km\/h<\/p>\n\n<\/div>\n\n<div class=\"gb-container gb-container-85fbdf7b\">\n\n<span class=\"reichweite-icon\"><\/span>\n\n\n\n<p>249 kilom\u00e8tres<\/p>\n\n<\/div>\n\n<div class=\"gb-container gb-container-f133d5a0\">\n\n<span class=\"money-icon\"><\/span>\n\n\n\n<p>\u00e0 partir de CHF 18\u2019990<\/p>\n\n<\/div>\n\n\n<p><strong><a href=\"https:\/\/zeromotorcycles.com\/de-ch\/model\/zero-dsr\" target=\"_blank\" rel=\"noreferrer noopener\">&gt;  En savoir plus<\/a><\/strong><br><\/p>\n<\/div>\n\n\n\n<div class=\"wp-block-column is-layout-flow wp-block-column-is-layout-flow\">\n<figure class=\"wp-block-image size-large\"><img decoding=\"async\" width=\"1024\" height=\"639\" src=\"https:\/\/www.etrix.ch\/media\/2024\/04\/zero-ds-4-elektro-motorrad-quicksand-etrix-1024x639.png\" alt=\"Zero Ds 4 Moto Electrique Sables Mouvants Etrix\" class=\"wp-image-24741\" srcset=\"https:\/\/www.etrix.ch\/media\/2024\/04\/zero-ds-4-elektro-motorrad-quicksand-etrix-1024x639.png 1024w, https:\/\/www.etrix.ch\/media\/2024\/04\/zero-ds-4-elektro-motorrad-quicksand-etrix-900x562.png 900w, https:\/\/www.etrix.ch\/media\/2024\/04\/zero-ds-4-elektro-motorrad-quicksand-etrix-300x187.png 300w, https:\/\/www.etrix.ch\/media\/2024\/04\/zero-ds-4-elektro-motorrad-quicksand-etrix-768x480.png 768w, https:\/\/www.etrix.ch\/media\/2024\/04\/zero-ds-4-elektro-motorrad-quicksand-etrix-1536x959.png 1536w, https:\/\/www.etrix.ch\/media\/2024\/04\/zero-ds-4-elektro-motorrad-quicksand-etrix-1320x824.png 1320w, https:\/\/www.etrix.ch\/media\/2024\/04\/zero-ds-4-elektro-motorrad-quicksand-etrix.png 1920w\" sizes=\"(max-width: 1024px) 100vw, 1024px\"><\/figure>\n\n\n\n<h2 class=\"wp-block-heading\" id=\"elektro-lieferroller-s02\">ZERO DS<\/h2>\n\n\n<div class=\"gb-container gb-container-563a866c\">\n\n<span class=\"speed-icon\"><\/span>\n\n\n\n<p>139 km\/h<\/p>\n\n<\/div>\n\n<div class=\"gb-container gb-container-5484ce74\">\n\n<span class=\"reichweite-icon\"><\/span>\n\n\n\n<p>232 kilom\u00e8tres<\/p>\n\n<\/div>\n\n<div class=\"gb-container gb-container-c04fe475\">\n\n<span class=\"money-icon\"><\/span>\n\n\n\n<p>\u00e0 partir de CHF 17\u2019990<\/p>\n\n<\/div>\n\n\n<p><strong><a href=\"https:\/\/zeromotorcycles.com\/de-ch\/model\/zero-ds\" target=\"_blank\" rel=\"noreferrer noopener\">&gt;  En savoir plus<\/a><\/strong><br><\/p>\n<\/div>\n\n\n\n<div class=\"wp-block-column hide-me is-layout-flow wp-block-column-is-layout-flow\"><\/div>\n<\/div>\n\n<h3 class=\"wp-block-heading\" id=\"zero-ds-line\">Ligne ZERO FX<\/h3>\n\n<div class=\"wp-block-columns is-style-spalten-boxed is-layout-flex wp-container-core-columns-is-layout-9d6595d7 wp-block-columns-is-layout-flex\">\n<div class=\"wp-block-column is-layout-flow wp-block-column-is-layout-flow\">\n<figure class=\"wp-block-image size-large\"><img decoding=\"async\" width=\"1024\" height=\"639\" src=\"https:\/\/www.etrix.ch\/media\/2024\/04\/zero-fxe-4-elektro-motorrad-white-etrix-bemoto-1024x639.png\" alt=\"Moto Electrique Zero Fxe 4 Blanc Etrix Bemoto\" class=\"wp-image-24754\" srcset=\"https:\/\/www.etrix.ch\/media\/2024\/04\/zero-fxe-4-elektro-motorrad-white-etrix-bemoto-1024x639.png 1024w, https:\/\/www.etrix.ch\/media\/2024\/04\/zero-fxe-4-elektro-motorrad-white-etrix-bemoto-900x562.png 900w, https:\/\/www.etrix.ch\/media\/2024\/04\/zero-fxe-4-elektro-motorrad-white-etrix-bemoto-300x187.png 300w, https:\/\/www.etrix.ch\/media\/2024\/04\/zero-fxe-4-elektro-motorrad-white-etrix-bemoto-768x480.png 768w, https:\/\/www.etrix.ch\/media\/2024\/04\/zero-fxe-4-elektro-motorrad-white-etrix-bemoto-1536x959.png 1536w, https:\/\/www.etrix.ch\/media\/2024\/04\/zero-fxe-4-elektro-motorrad-white-etrix-bemoto-1320x824.png 1320w, https:\/\/www.etrix.ch\/media\/2024\/04\/zero-fxe-4-elektro-motorrad-white-etrix-bemoto.png 1920w\" sizes=\"(max-width: 1024px) 100vw, 1024px\"><\/figure>\n\n\n\n<h2 class=\"wp-block-heading\" id=\"elektro-lieferroller-s02\">ZERO FXE<\/h2>\n\n\n<div class=\"gb-container gb-container-71f01b04\">\n\n<span class=\"speed-icon\"><\/span>\n\n\n\n<p>137 km\/h<\/p>\n\n<\/div>\n\n<div class=\"gb-container gb-container-8a7432a5\">\n\n<span class=\"reichweite-icon\"><\/span>\n\n\n\n<p>169 kilom\u00e8tres<\/p>\n\n<\/div>\n\n<div class=\"gb-container gb-container-a7c97ff2\">\n\n<span class=\"money-icon\"><\/span>\n\n\n\n<p>\u00e0 partir de CHF 13\u2019690<\/p>\n\n<\/div>\n\n\n<p><strong><a href=\"https:\/\/zeromotorcycles.com\/de-ch\/model\/zero-fxe\" target=\"_blank\" rel=\"noreferrer noopener\">&gt;  En savoir plus<\/a><\/strong><br><\/p>\n<\/div>\n\n\n\n<div class=\"wp-block-column is-layout-flow wp-block-column-is-layout-flow\">\n<figure class=\"wp-block-image size-large\"><img decoding=\"async\" width=\"1024\" height=\"639\" src=\"https:\/\/www.etrix.ch\/media\/2024\/04\/zero-fx-4-elektro-motorrad-slate-green-etrix-bemoto-1024x639.png\" alt=\"Zero Fx 4 Moto Electrique Ardoise Vert Etrix Bemoto\" class=\"wp-image-24758\" srcset=\"https:\/\/www.etrix.ch\/media\/2024\/04\/zero-fx-4-elektro-motorrad-slate-green-etrix-bemoto-1024x639.png 1024w, https:\/\/www.etrix.ch\/media\/2024\/04\/zero-fx-4-elektro-motorrad-slate-green-etrix-bemoto-900x562.png 900w, https:\/\/www.etrix.ch\/media\/2024\/04\/zero-fx-4-elektro-motorrad-slate-green-etrix-bemoto-300x187.png 300w, https:\/\/www.etrix.ch\/media\/2024\/04\/zero-fx-4-elektro-motorrad-slate-green-etrix-bemoto-768x480.png 768w, https:\/\/www.etrix.ch\/media\/2024\/04\/zero-fx-4-elektro-motorrad-slate-green-etrix-bemoto-1536x959.png 1536w, https:\/\/www.etrix.ch\/media\/2024\/04\/zero-fx-4-elektro-motorrad-slate-green-etrix-bemoto-1320x824.png 1320w, https:\/\/www.etrix.ch\/media\/2024\/04\/zero-fx-4-elektro-motorrad-slate-green-etrix-bemoto.png 1920w\" sizes=\"(max-width: 1024px) 100vw, 1024px\"><\/figure>\n\n\n\n<h2 class=\"wp-block-heading\" id=\"elektro-lieferroller-s02\">ZERO FX<\/h2>\n\n\n<div class=\"gb-container gb-container-d962abdf\">\n\n<span class=\"speed-icon\"><\/span>\n\n\n\n<p>137 km\/h<\/p>\n\n<\/div>\n\n<div class=\"gb-container gb-container-cc2aa02e\">\n\n<span class=\"reichweite-icon\"><\/span>\n\n\n\n<p>\u00c0 164 km<\/p>\n\n<\/div>\n\n<div class=\"gb-container gb-container-2d063607\">\n\n<span class=\"money-icon\"><\/span>\n\n\n\n<p>\u00e0 partir de CHF 13\u2019490<\/p>\n\n<\/div>\n\n\n<p><strong><a href=\"https:\/\/zeromotorcycles.com\/de-ch\/model\/zero-fx\" target=\"_blank\" rel=\"noreferrer noopener\">&gt;  En savoir plus<\/a><\/strong><br><\/p>\n<\/div>\n\n\n\n<div class=\"wp-block-column hide-me is-layout-flow wp-block-column-is-layout-flow\"><\/div>\n\n\n\n<div class=\"wp-block-column hide-me is-layout-flow wp-block-column-is-layout-flow\"><\/div>\n<\/div>\n","protected":false},"excerpt":{"rendered":"<p>Chers amis motards L&rsquo;\u00e9t\u00e9 approche &#8230; <a title=\"ZERO - Concours d&rsquo;\u00e9t\u00e9\" class=\"read-more\" href=\"https:\/\/www.etrix.ch\/fr\/concours-des-vacances-dete-zero-essai-routier\/\" aria-label=\"En savoir plus sur ZERO - Concours d&rsquo;\u00e9t\u00e9\">&gt;  En savoir plus<\/a><\/p>\n","protected":false},"author":1,"featured_media":29730,"comment_status":"closed","ping_status":"closed","sticky":false,"template":"","format":"standard","meta":{"_acf_changed":false,"footnotes":""},"categories":[366],"tags":[],"class_list":["post-29702","post","type-post","status-publish","format-standard","has-post-thumbnail","hentry","category-non-classifiee","generate-columns","tablet-grid-50","mobile-grid-100","grid-parent","grid-50"],"acf":[],"yoast_head":"<!-- This site is optimized with the Yoast SEO Premium plugin v26.9 (Yoast SEO v27.4) - https:\/\/yoast.com\/product\/yoast-seo-premium-wordpress\/ -->\n<title>ZERO - Concours d&#039;\u00e9t\u00e9 - ETRIX Elektroroller<\/title>\n<meta name=\"description\" content=\"Concours d&#039;\u00e9t\u00e9 - Essayez ZERO et participez. Pendant les vacances d\u2019\u00e9t\u00e9, vous avez la possibilit\u00e9 de gagner un Zero pendant deux semaines.\" \/>\n<meta name=\"robots\" content=\"index, follow, max-snippet:-1, max-image-preview:large, max-video-preview:-1\" \/>\n<link rel=\"canonical\" href=\"https:\/\/www.etrix.ch\/fr\/concours-des-vacances-dete-zero-essai-routier\/\" \/>\n<meta property=\"og:locale\" content=\"fr_FR\" \/>\n<meta property=\"og:type\" content=\"article\" \/>\n<meta property=\"og:title\" content=\"ZERO - Concours d&#039;\u00e9t\u00e9\" \/>\n<meta property=\"og:description\" content=\"Concours d&#039;\u00e9t\u00e9 - Essayez ZERO et participez. Pendant les vacances d\u2019\u00e9t\u00e9, vous avez la possibilit\u00e9 de gagner un Zero pendant deux semaines.\" \/>\n<meta property=\"og:url\" content=\"https:\/\/www.etrix.ch\/fr\/concours-des-vacances-dete-zero-essai-routier\/\" \/>\n<meta property=\"og:site_name\" content=\"ETRIX Elektroroller\" \/>\n<meta property=\"article:publisher\" content=\"https:\/\/m.facebook.com\/etrix.emotos\/\" \/>\n<meta property=\"article:published_time\" content=\"2024-07-13T12:11:29+00:00\" \/>\n<meta property=\"article:modified_time\" content=\"2025-06-26T15:38:35+00:00\" \/>\n<meta property=\"og:image\" content=\"https:\/\/www.etrix.ch\/media\/2024\/07\/wettbewerb-zero-etrix-probefahren-regensdorf-zuerich-2.jpg\" \/>\n\t<meta property=\"og:image:width\" content=\"2500\" \/>\n\t<meta property=\"og:image:height\" content=\"1052\" \/>\n\t<meta property=\"og:image:type\" content=\"image\/jpeg\" \/>\n<meta name=\"author\" content=\"Alexander\" \/>\n<meta name=\"twitter:card\" content=\"summary_large_image\" \/>\n<meta name=\"twitter:creator\" content=\"@Alex Tupalov Admin\" \/>\n<meta name=\"twitter:site\" content=\"@etrixag\" \/>\n<meta name=\"twitter:label1\" content=\"\u00c9crit par\" \/>\n\t<meta name=\"twitter:data1\" content=\"Alexander\" \/>\n\t<meta name=\"twitter:label2\" content=\"Dur\u00e9e de lecture estim\u00e9e\" \/>\n\t<meta name=\"twitter:data2\" content=\"1 minute\" \/>\n<script type=\"application\/ld+json\" class=\"yoast-schema-graph\">{\"@context\":\"https:\\\/\\\/schema.org\",\"@graph\":[{\"@type\":\"Article\",\"@id\":\"https:\\\/\\\/www.etrix.ch\\\/fr\\\/concours-des-vacances-dete-zero-essai-routier\\\/#article\",\"isPartOf\":{\"@id\":\"https:\\\/\\\/www.etrix.ch\\\/fr\\\/concours-des-vacances-dete-zero-essai-routier\\\/\"},\"author\":{\"name\":\"Alexander\",\"@id\":\"https:\\\/\\\/www.etrix.ch\\\/fr\\\/#\\\/schema\\\/person\\\/4fd8e224b2731c6e7b229fe95ede8ab0\"},\"headline\":\"ZERO - Concours d&rsquo;\u00e9t\u00e9\",\"datePublished\":\"2024-07-13T12:11:29+00:00\",\"dateModified\":\"2025-06-26T15:38:35+00:00\",\"mainEntityOfPage\":{\"@id\":\"https:\\\/\\\/www.etrix.ch\\\/fr\\\/concours-des-vacances-dete-zero-essai-routier\\\/\"},\"wordCount\":275,\"publisher\":{\"@id\":\"https:\\\/\\\/www.etrix.ch\\\/fr\\\/#organization\"},\"image\":{\"@id\":\"https:\\\/\\\/www.etrix.ch\\\/fr\\\/concours-des-vacances-dete-zero-essai-routier\\\/#primaryimage\"},\"thumbnailUrl\":\"https:\\\/\\\/www.etrix.ch\\\/media\\\/2024\\\/07\\\/wettbewerb-zero-etrix-probefahren-regensdorf-zuerich-2.jpg\",\"articleSection\":[\"Non classifi\u00e9(e)\"],\"inLanguage\":\"fr-FR\",\"copyrightYear\":\"2024\",\"copyrightHolder\":{\"@id\":\"https:\\\/\\\/www.etrix.ch\\\/#organization\"}},{\"@type\":\"WebPage\",\"@id\":\"https:\\\/\\\/www.etrix.ch\\\/fr\\\/concours-des-vacances-dete-zero-essai-routier\\\/\",\"url\":\"https:\\\/\\\/www.etrix.ch\\\/fr\\\/concours-des-vacances-dete-zero-essai-routier\\\/\",\"name\":\"ZERO - Concours d'\u00e9t\u00e9 - ETRIX Elektroroller\",\"isPartOf\":{\"@id\":\"https:\\\/\\\/www.etrix.ch\\\/fr\\\/#website\"},\"primaryImageOfPage\":{\"@id\":\"https:\\\/\\\/www.etrix.ch\\\/fr\\\/concours-des-vacances-dete-zero-essai-routier\\\/#primaryimage\"},\"image\":{\"@id\":\"https:\\\/\\\/www.etrix.ch\\\/fr\\\/concours-des-vacances-dete-zero-essai-routier\\\/#primaryimage\"},\"thumbnailUrl\":\"https:\\\/\\\/www.etrix.ch\\\/media\\\/2024\\\/07\\\/wettbewerb-zero-etrix-probefahren-regensdorf-zuerich-2.jpg\",\"datePublished\":\"2024-07-13T12:11:29+00:00\",\"dateModified\":\"2025-06-26T15:38:35+00:00\",\"description\":\"Concours d'\u00e9t\u00e9 - Essayez ZERO et participez. Pendant les vacances d\u2019\u00e9t\u00e9, vous avez la possibilit\u00e9 de gagner un Zero pendant deux semaines.\",\"breadcrumb\":{\"@id\":\"https:\\\/\\\/www.etrix.ch\\\/fr\\\/concours-des-vacances-dete-zero-essai-routier\\\/#breadcrumb\"},\"inLanguage\":\"fr-FR\",\"potentialAction\":[{\"@type\":\"ReadAction\",\"target\":[\"https:\\\/\\\/www.etrix.ch\\\/fr\\\/concours-des-vacances-dete-zero-essai-routier\\\/\"]}]},{\"@type\":\"ImageObject\",\"inLanguage\":\"fr-FR\",\"@id\":\"https:\\\/\\\/www.etrix.ch\\\/fr\\\/concours-des-vacances-dete-zero-essai-routier\\\/#primaryimage\",\"url\":\"https:\\\/\\\/www.etrix.ch\\\/media\\\/2024\\\/07\\\/wettbewerb-zero-etrix-probefahren-regensdorf-zuerich-2.jpg\",\"contentUrl\":\"https:\\\/\\\/www.etrix.ch\\\/media\\\/2024\\\/07\\\/wettbewerb-zero-etrix-probefahren-regensdorf-zuerich-2.jpg\",\"width\":2500,\"height\":1052},{\"@type\":\"BreadcrumbList\",\"@id\":\"https:\\\/\\\/www.etrix.ch\\\/fr\\\/concours-des-vacances-dete-zero-essai-routier\\\/#breadcrumb\",\"itemListElement\":[{\"@type\":\"ListItem\",\"position\":1,\"name\":\"Accueil\",\"item\":\"https:\\\/\\\/www.etrix.ch\\\/fr\\\/\"},{\"@type\":\"ListItem\",\"position\":2,\"name\":\"ZERO &#8211; Concours d&#8217;\u00e9t\u00e9\"}]},{\"@type\":\"WebSite\",\"@id\":\"https:\\\/\\\/www.etrix.ch\\\/fr\\\/#website\",\"url\":\"https:\\\/\\\/www.etrix.ch\\\/fr\\\/\",\"name\":\"ETRIX Elektroroller\",\"description\":\"E-Motos\",\"publisher\":{\"@id\":\"https:\\\/\\\/www.etrix.ch\\\/fr\\\/#organization\"},\"potentialAction\":[{\"@type\":\"SearchAction\",\"target\":{\"@type\":\"EntryPoint\",\"urlTemplate\":\"https:\\\/\\\/www.etrix.ch\\\/fr\\\/?s={search_term_string}\"},\"query-input\":{\"@type\":\"PropertyValueSpecification\",\"valueRequired\":true,\"valueName\":\"search_term_string\"}}],\"inLanguage\":\"fr-FR\"},{\"@type\":[\"Organization\",\"Place\",\"MotorcycleDealer\"],\"@id\":\"https:\\\/\\\/www.etrix.ch\\\/fr\\\/#organization\",\"name\":\"ETRIX E-Motos\",\"url\":\"https:\\\/\\\/www.etrix.ch\\\/fr\\\/\",\"logo\":{\"@id\":\"https:\\\/\\\/www.etrix.ch\\\/fr\\\/concours-des-vacances-dete-zero-essai-routier\\\/#local-main-organization-logo\"},\"image\":{\"@id\":\"https:\\\/\\\/www.etrix.ch\\\/fr\\\/concours-des-vacances-dete-zero-essai-routier\\\/#local-main-organization-logo\"},\"sameAs\":[\"https:\\\/\\\/m.facebook.com\\\/etrix.emotos\\\/\",\"https:\\\/\\\/x.com\\\/etrixag\",\"https:\\\/\\\/www.instagram.com\\\/etrix_emotos\\\/p\\\/BtVW6bXHtNv\\\/\",\"https:\\\/\\\/www.linkedin.com\\\/company\\\/etrix-ag\",\"https:\\\/\\\/www.youtube.com\\\/channel\\\/UCSd-hJdu5u8xPUEY60jexOw\"],\"address\":{\"@id\":\"https:\\\/\\\/www.etrix.ch\\\/fr\\\/concours-des-vacances-dete-zero-essai-routier\\\/#local-main-place-address\"},\"geo\":{\"@type\":\"GeoCoordinates\",\"latitude\":\"47.43839497999372\",\"longitude\":\"8.465227605227366\"},\"telephone\":[\"043 931 00 45\"],\"openingHoursSpecification\":[{\"@type\":\"OpeningHoursSpecification\",\"dayOfWeek\":[\"Monday\",\"Sunday\"],\"opens\":\"00:00\",\"closes\":\"00:00\"},{\"@type\":\"OpeningHoursSpecification\",\"dayOfWeek\":[\"Tuesday\",\"Wednesday\",\"Thursday\",\"Friday\"],\"opens\":\"10:00\",\"closes\":\"18:00\"},{\"@type\":\"OpeningHoursSpecification\",\"dayOfWeek\":[\"Saturday\"],\"opens\":\"10:00\",\"closes\":\"15:00\"}]},{\"@type\":\"Person\",\"@id\":\"https:\\\/\\\/www.etrix.ch\\\/fr\\\/#\\\/schema\\\/person\\\/4fd8e224b2731c6e7b229fe95ede8ab0\",\"name\":\"Alexander\",\"sameAs\":[\"https:\\\/\\\/www.etrix.ch\",\"https:\\\/\\\/x.com\\\/Alex Tupalov Admin\"]},{\"@type\":\"PostalAddress\",\"@id\":\"https:\\\/\\\/www.etrix.ch\\\/fr\\\/concours-des-vacances-dete-zero-essai-routier\\\/#local-main-place-address\",\"streetAddress\":\"Riedthofstrasse 122\",\"addressLocality\":\"Regensdorf\",\"postalCode\":\"8105\",\"addressRegion\":\"Z\u00fcrich\",\"addressCountry\":\"CH\"},{\"@type\":\"ImageObject\",\"inLanguage\":\"fr-FR\",\"@id\":\"https:\\\/\\\/www.etrix.ch\\\/fr\\\/concours-des-vacances-dete-zero-essai-routier\\\/#local-main-organization-logo\",\"url\":\"https:\\\/\\\/www.etrix.ch\\\/media\\\/2021\\\/05\\\/ETRIX-logo.png\",\"contentUrl\":\"https:\\\/\\\/www.etrix.ch\\\/media\\\/2021\\\/05\\\/ETRIX-logo.png\",\"width\":470,\"height\":85,\"caption\":\"ETRIX E-Motos\"}]}<\/script>\n<meta name=\"geo.placename\" content=\"Regensdorf\" \/>\n<meta name=\"geo.position\" content=\"47.43839497999372;8.465227605227366\" \/>\n<meta name=\"geo.region\" content=\"Suisse\" \/>\n<!-- \/ Yoast SEO Premium plugin. -->","yoast_head_json":{"title":"ZERO - Concours d'\u00e9t\u00e9 - ETRIX Elektroroller","description":"Concours d'\u00e9t\u00e9 - Essayez ZERO et participez. Pendant les vacances d\u2019\u00e9t\u00e9, vous avez la possibilit\u00e9 de gagner un Zero pendant deux semaines.","robots":{"index":"index","follow":"follow","max-snippet":"max-snippet:-1","max-image-preview":"max-image-preview:large","max-video-preview":"max-video-preview:-1"},"canonical":"https:\/\/www.etrix.ch\/fr\/concours-des-vacances-dete-zero-essai-routier\/","og_locale":"fr_FR","og_type":"article","og_title":"ZERO - Concours d'\u00e9t\u00e9","og_description":"Concours d'\u00e9t\u00e9 - Essayez ZERO et participez. Pendant les vacances d\u2019\u00e9t\u00e9, vous avez la possibilit\u00e9 de gagner un Zero pendant deux semaines.","og_url":"https:\/\/www.etrix.ch\/fr\/concours-des-vacances-dete-zero-essai-routier\/","og_site_name":"ETRIX Elektroroller","article_publisher":"https:\/\/m.facebook.com\/etrix.emotos\/","article_published_time":"2024-07-13T12:11:29+00:00","article_modified_time":"2025-06-26T15:38:35+00:00","og_image":[{"width":2500,"height":1052,"url":"https:\/\/www.etrix.ch\/media\/2024\/07\/wettbewerb-zero-etrix-probefahren-regensdorf-zuerich-2.jpg","type":"image\/jpeg"}],"author":"Alexander","twitter_card":"summary_large_image","twitter_creator":"@Alex Tupalov Admin","twitter_site":"@etrixag","twitter_misc":{"\u00c9crit par":"Alexander","Dur\u00e9e de lecture estim\u00e9e":"1 minute"},"schema":{"@context":"https:\/\/schema.org","@graph":[{"@type":"Article","@id":"https:\/\/www.etrix.ch\/fr\/concours-des-vacances-dete-zero-essai-routier\/#article","isPartOf":{"@id":"https:\/\/www.etrix.ch\/fr\/concours-des-vacances-dete-zero-essai-routier\/"},"author":{"name":"Alexander","@id":"https:\/\/www.etrix.ch\/fr\/#\/schema\/person\/4fd8e224b2731c6e7b229fe95ede8ab0"},"headline":"ZERO - Concours d&rsquo;\u00e9t\u00e9","datePublished":"2024-07-13T12:11:29+00:00","dateModified":"2025-06-26T15:38:35+00:00","mainEntityOfPage":{"@id":"https:\/\/www.etrix.ch\/fr\/concours-des-vacances-dete-zero-essai-routier\/"},"wordCount":275,"publisher":{"@id":"https:\/\/www.etrix.ch\/fr\/#organization"},"image":{"@id":"https:\/\/www.etrix.ch\/fr\/concours-des-vacances-dete-zero-essai-routier\/#primaryimage"},"thumbnailUrl":"https:\/\/www.etrix.ch\/media\/2024\/07\/wettbewerb-zero-etrix-probefahren-regensdorf-zuerich-2.jpg","articleSection":["Non classifi\u00e9(e)"],"inLanguage":"fr-FR","copyrightYear":"2024","copyrightHolder":{"@id":"https:\/\/www.etrix.ch\/#organization"}},{"@type":"WebPage","@id":"https:\/\/www.etrix.ch\/fr\/concours-des-vacances-dete-zero-essai-routier\/","url":"https:\/\/www.etrix.ch\/fr\/concours-des-vacances-dete-zero-essai-routier\/","name":"ZERO - Concours d'\u00e9t\u00e9 - ETRIX Elektroroller","isPartOf":{"@id":"https:\/\/www.etrix.ch\/fr\/#website"},"primaryImageOfPage":{"@id":"https:\/\/www.etrix.ch\/fr\/concours-des-vacances-dete-zero-essai-routier\/#primaryimage"},"image":{"@id":"https:\/\/www.etrix.ch\/fr\/concours-des-vacances-dete-zero-essai-routier\/#primaryimage"},"thumbnailUrl":"https:\/\/www.etrix.ch\/media\/2024\/07\/wettbewerb-zero-etrix-probefahren-regensdorf-zuerich-2.jpg","datePublished":"2024-07-13T12:11:29+00:00","dateModified":"2025-06-26T15:38:35+00:00","description":"Concours d'\u00e9t\u00e9 - Essayez ZERO et participez. Pendant les vacances d\u2019\u00e9t\u00e9, vous avez la possibilit\u00e9 de gagner un Zero pendant deux semaines.","breadcrumb":{"@id":"https:\/\/www.etrix.ch\/fr\/concours-des-vacances-dete-zero-essai-routier\/#breadcrumb"},"inLanguage":"fr-FR","potentialAction":[{"@type":"ReadAction","target":["https:\/\/www.etrix.ch\/fr\/concours-des-vacances-dete-zero-essai-routier\/"]}]},{"@type":"ImageObject","inLanguage":"fr-FR","@id":"https:\/\/www.etrix.ch\/fr\/concours-des-vacances-dete-zero-essai-routier\/#primaryimage","url":"https:\/\/www.etrix.ch\/media\/2024\/07\/wettbewerb-zero-etrix-probefahren-regensdorf-zuerich-2.jpg","contentUrl":"https:\/\/www.etrix.ch\/media\/2024\/07\/wettbewerb-zero-etrix-probefahren-regensdorf-zuerich-2.jpg","width":2500,"height":1052},{"@type":"BreadcrumbList","@id":"https:\/\/www.etrix.ch\/fr\/concours-des-vacances-dete-zero-essai-routier\/#breadcrumb","itemListElement":[{"@type":"ListItem","position":1,"name":"Accueil","item":"https:\/\/www.etrix.ch\/fr\/"},{"@type":"ListItem","position":2,"name":"ZERO &#8211; Concours d&#8217;\u00e9t\u00e9"}]},{"@type":"WebSite","@id":"https:\/\/www.etrix.ch\/fr\/#website","url":"https:\/\/www.etrix.ch\/fr\/","name":"ETRIX Elektroroller","description":"E-Motos","publisher":{"@id":"https:\/\/www.etrix.ch\/fr\/#organization"},"potentialAction":[{"@type":"SearchAction","target":{"@type":"EntryPoint","urlTemplate":"https:\/\/www.etrix.ch\/fr\/?s={search_term_string}"},"query-input":{"@type":"PropertyValueSpecification","valueRequired":true,"valueName":"search_term_string"}}],"inLanguage":"fr-FR"},{"@type":["Organization","Place","MotorcycleDealer"],"@id":"https:\/\/www.etrix.ch\/fr\/#organization","name":"ETRIX E-Motos","url":"https:\/\/www.etrix.ch\/fr\/","logo":{"@id":"https:\/\/www.etrix.ch\/fr\/concours-des-vacances-dete-zero-essai-routier\/#local-main-organization-logo"},"image":{"@id":"https:\/\/www.etrix.ch\/fr\/concours-des-vacances-dete-zero-essai-routier\/#local-main-organization-logo"},"sameAs":["https:\/\/m.facebook.com\/etrix.emotos\/","https:\/\/x.com\/etrixag","https:\/\/www.instagram.com\/etrix_emotos\/p\/BtVW6bXHtNv\/","https:\/\/www.linkedin.com\/company\/etrix-ag","https:\/\/www.youtube.com\/channel\/UCSd-hJdu5u8xPUEY60jexOw"],"address":{"@id":"https:\/\/www.etrix.ch\/fr\/concours-des-vacances-dete-zero-essai-routier\/#local-main-place-address"},"geo":{"@type":"GeoCoordinates","latitude":"47.43839497999372","longitude":"8.465227605227366"},"telephone":["043 931 00 45"],"openingHoursSpecification":[{"@type":"OpeningHoursSpecification","dayOfWeek":["Monday","Sunday"],"opens":"00:00","closes":"00:00"},{"@type":"OpeningHoursSpecification","dayOfWeek":["Tuesday","Wednesday","Thursday","Friday"],"opens":"10:00","closes":"18:00"},{"@type":"OpeningHoursSpecification","dayOfWeek":["Saturday"],"opens":"10:00","closes":"15:00"}]},{"@type":"Person","@id":"https:\/\/www.etrix.ch\/fr\/#\/schema\/person\/4fd8e224b2731c6e7b229fe95ede8ab0","name":"Alexander","sameAs":["https:\/\/www.etrix.ch","https:\/\/x.com\/Alex Tupalov Admin"]},{"@type":"PostalAddress","@id":"https:\/\/www.etrix.ch\/fr\/concours-des-vacances-dete-zero-essai-routier\/#local-main-place-address","streetAddress":"Riedthofstrasse 122","addressLocality":"Regensdorf","postalCode":"8105","addressRegion":"Z\u00fcrich","addressCountry":"CH"},{"@type":"ImageObject","inLanguage":"fr-FR","@id":"https:\/\/www.etrix.ch\/fr\/concours-des-vacances-dete-zero-essai-routier\/#local-main-organization-logo","url":"https:\/\/www.etrix.ch\/media\/2021\/05\/ETRIX-logo.png","contentUrl":"https:\/\/www.etrix.ch\/media\/2021\/05\/ETRIX-logo.png","width":470,"height":85,"caption":"ETRIX E-Motos"}]},"geo.placename":"Regensdorf","geo.position":{"lat":"47.43839497999372","long":"8.465227605227366"},"geo.region":"Suisse"},"_links":{"self":[{"href":"https:\/\/www.etrix.ch\/fr\/wp-json\/wp\/v2\/posts\/29702","targetHints":{"allow":["GET"]}}],"collection":[{"href":"https:\/\/www.etrix.ch\/fr\/wp-json\/wp\/v2\/posts"}],"about":[{"href":"https:\/\/www.etrix.ch\/fr\/wp-json\/wp\/v2\/types\/post"}],"author":[{"embeddable":true,"href":"https:\/\/www.etrix.ch\/fr\/wp-json\/wp\/v2\/users\/1"}],"replies":[{"embeddable":true,"href":"https:\/\/www.etrix.ch\/fr\/wp-json\/wp\/v2\/comments?post=29702"}],"version-history":[{"count":0,"href":"https:\/\/www.etrix.ch\/fr\/wp-json\/wp\/v2\/posts\/29702\/revisions"}],"wp:featuredmedia":[{"embeddable":true,"href":"https:\/\/www.etrix.ch\/fr\/wp-json\/wp\/v2\/media\/29730"}],"wp:attachment":[{"href":"https:\/\/www.etrix.ch\/fr\/wp-json\/wp\/v2\/media?parent=29702"}],"wp:term":[{"taxonomy":"category","embeddable":true,"href":"https:\/\/www.etrix.ch\/fr\/wp-json\/wp\/v2\/categories?post=29702"},{"taxonomy":"post_tag","embeddable":true,"href":"https:\/\/www.etrix.ch\/fr\/wp-json\/wp\/v2\/tags?post=29702"}],"curies":[{"name":"wp","href":"https:\/\/api.w.org\/{rel}","templated":true}]}}