{"id":24505,"date":"2024-03-20T23:53:33","date_gmt":"2024-03-20T22:53:33","guid":{"rendered":"https:\/\/www.etrix.ch\/festival-de-printemps-etrix-6-et-7-avril-2024-a-regensdorf\/"},"modified":"2025-06-26T17:39:48","modified_gmt":"2025-06-26T15:39:48","slug":"festival-de-printemps-etrix-6-et-7-avril-2024-a-regensdorf","status":"publish","type":"post","link":"https:\/\/www.etrix.ch\/fr\/festival-de-printemps-etrix-6-et-7-avril-2024-a-regensdorf\/","title":{"rendered":"Festival de printemps ETRIX 6 et 7 avril 2024 \u00e0 Regensdorf"},"content":{"rendered":"\n<div class=\"wp-block-columns alignfull is-style-spalte-top-bild is-layout-flex wp-container-core-columns-is-layout-9d6595d7 wp-block-columns-is-layout-flex\">\n<div class=\"wp-block-column is-style-top-bild-mask has-accent-color has-text-color is-layout-flow wp-block-column-is-layout-flow\">\n<figure class=\"wp-block-image alignfull size-full is-style-bild-center\"><img decoding=\"async\" width=\"1920\" height=\"695\" src=\"https:\/\/www.etrix.ch\/media\/2024\/03\/Fruehlingserwachen-2024-titelbild-info.jpg\" alt=\"Informations sur la photo de couverture de Spring Awakening 2024\" class=\"wp-image-24649\" srcset=\"https:\/\/www.etrix.ch\/media\/2024\/03\/Fruehlingserwachen-2024-titelbild-info.jpg 1920w, https:\/\/www.etrix.ch\/media\/2024\/03\/Fruehlingserwachen-2024-titelbild-info-900x326.jpg 900w, https:\/\/www.etrix.ch\/media\/2024\/03\/Fruehlingserwachen-2024-titelbild-info-300x109.jpg 300w, https:\/\/www.etrix.ch\/media\/2024\/03\/Fruehlingserwachen-2024-titelbild-info-1024x371.jpg 1024w, https:\/\/www.etrix.ch\/media\/2024\/03\/Fruehlingserwachen-2024-titelbild-info-768x278.jpg 768w, https:\/\/www.etrix.ch\/media\/2024\/03\/Fruehlingserwachen-2024-titelbild-info-1536x556.jpg 1536w, https:\/\/www.etrix.ch\/media\/2024\/03\/Fruehlingserwachen-2024-titelbild-info-1320x478.jpg 1320w\" sizes=\"(max-width: 1920px) 100vw, 1920px\"><figcaption class=\"wp-element-caption\">Caofen F80 \u00e0 l\u2019eMoto Urban Cup<\/figcaption><\/figure>\n<\/div>\n<\/div>\n\n<div class=\"wp-block-columns is-layout-flex wp-container-core-columns-is-layout-9d6595d7 wp-block-columns-is-layout-flex\">\n<div class=\"wp-block-column is-layout-flow wp-block-column-is-layout-flow\">\n<div class=\"wp-block-columns is-layout-flex wp-container-core-columns-is-layout-9d6595d7 wp-block-columns-is-layout-flex\">\n<div class=\"wp-block-column is-layout-flow wp-block-column-is-layout-flow\" style=\"flex-basis:15%\"><\/div>\n\n\n\n<div class=\"wp-block-column is-layout-flow wp-block-column-is-layout-flow\" style=\"flex-basis:70%\"><h1 class=\"wp-block-post-title\">Festival de printemps ETRIX 6 et 7 avril 2024 \u00e0 Regensdorf<\/h1>\n\n\n<p>Cette ann\u00e9e, nous sommes fiers de pr\u00e9senter notre Festival du printemps, qui pr\u00e9sente une vari\u00e9t\u00e9 de nouveaux produits, de collaborations et d\u2019attractions. Qu\u2019il s\u2019agisse de simulations palpitantes ou d\u2019activit\u00e9s pleines d\u2019action, il y en a pour tous les go\u00fbts :<\/p>\n\n\n\n<ol class=\"wp-block-list\">\n<li>Wheelie Simulator conduisez le nouveau ZERO sur la roue arri\u00e8re si vous l\u2019osez !  <\/li>\n\n\n\n<li>Motocross pour enfants\u00a0: Pour les petits aventuriers, nous avons les attractions parfaites.  <\/li>\n\n\n\n<li>Ma\u00eetrisez un parcours d\u2019obstacles avec le Caofen Motocross.<\/li>\n\n\n\n<li>Go\u00fbtez <a href=\"https:\/\/fahrschulekoch.ch\/de\">au permis de conduire avec l\u2019auto-\u00e9cole Koch sur l\u2019A1 ou l\u2019A<\/a>.<\/li>\n\n\n\n<li>Essais routiers avec les 2 roues et les <a href=\"https:\/\/www.etrix.ch\/fr\/silence-s04-plus\/\">microcars Silence S04<\/a> et SWAPA.<\/li>\n\n\n\n<li>D\u00e9gustez une raclette valaisanne Urs &amp; Dani, accompagn\u00e9e d\u2019une bonne goutte de vin.<\/li>\n\n\n\n<li>Il y a aussi quelque chose \u00e0 gagner. \ud83d\ude09<\/li>\n\n\n\n<li>DJ\u2019s play \u00e0 ETRIX Sanapa  <\/li>\n<\/ol>\n\n\n\n<p>Nous ouvrons nos portes \u00e0 10 h pour une journ\u00e9e pleine d\u2019action, de plaisir et de plaisir. Faites l\u2019exp\u00e9rience d\u2019essais routiers passionnants, d\u2019attractions passionnantes et d\u00e9gustez une d\u00e9licieuse raclette jusqu\u2019\u00e0 18 heures. Une journ\u00e9e de f\u00eate qui donne vie \u00e0 l\u2019anticipation du printemps - faites-en partie et rendez cette journ\u00e9e inoubliable !<\/p>\n\n\n\n<h2 class=\"wp-block-heading\" id=\"h-impressionen-vom-fruhlingsfest\">Impressions de la F\u00eate du Printemps<\/h2>\n\n\n\n<p>Nous avons captur\u00e9 quelques-uns des meilleurs moments du festival et nous aimerions les partager avec vous !<\/p>\n\n\n\n<figure class=\"wp-block-image size-large is-resized\"><img decoding=\"async\" width=\"1024\" height=\"1024\" src=\"https:\/\/www.etrix.ch\/media\/2024\/04\/Fruehlingsfest-etrix-regensdorf-zuerich-2024-2-1024x1024.jpg\" alt=\"Festival de printemps Etrix Regensdorf Zurich 2024 2\" class=\"wp-image-24876\" style=\"width:688px;height:auto\" srcset=\"https:\/\/www.etrix.ch\/media\/2024\/04\/Fruehlingsfest-etrix-regensdorf-zuerich-2024-2-1024x1024.jpg 1024w, https:\/\/www.etrix.ch\/media\/2024\/04\/Fruehlingsfest-etrix-regensdorf-zuerich-2024-2-600x600.jpg 600w, https:\/\/www.etrix.ch\/media\/2024\/04\/Fruehlingsfest-etrix-regensdorf-zuerich-2024-2-100x100.jpg 100w, https:\/\/www.etrix.ch\/media\/2024\/04\/Fruehlingsfest-etrix-regensdorf-zuerich-2024-2-900x900.jpg 900w, https:\/\/www.etrix.ch\/media\/2024\/04\/Fruehlingsfest-etrix-regensdorf-zuerich-2024-2-300x300.jpg 300w, https:\/\/www.etrix.ch\/media\/2024\/04\/Fruehlingsfest-etrix-regensdorf-zuerich-2024-2-150x150.jpg 150w, https:\/\/www.etrix.ch\/media\/2024\/04\/Fruehlingsfest-etrix-regensdorf-zuerich-2024-2-768x768.jpg 768w, https:\/\/www.etrix.ch\/media\/2024\/04\/Fruehlingsfest-etrix-regensdorf-zuerich-2024-2-1536x1536.jpg 1536w, https:\/\/www.etrix.ch\/media\/2024\/04\/Fruehlingsfest-etrix-regensdorf-zuerich-2024-2-1320x1320.jpg 1320w, https:\/\/www.etrix.ch\/media\/2024\/04\/Fruehlingsfest-etrix-regensdorf-zuerich-2024-2-460x460.jpg 460w, https:\/\/www.etrix.ch\/media\/2024\/04\/Fruehlingsfest-etrix-regensdorf-zuerich-2024-2.jpg 1920w\" sizes=\"(max-width: 1024px) 100vw, 1024px\"><\/figure>\n\n\n\n<div style=\"height:20px\" aria-hidden=\"true\" class=\"wp-block-spacer\"><\/div>\n\n\n\n<figure class=\"wp-block-image size-large is-resized\"><img decoding=\"async\" width=\"1024\" height=\"1024\" src=\"https:\/\/www.etrix.ch\/media\/2024\/04\/Fruehlingsfest-etrix-regensdorf-zuerich-2024-3-1024x1024.jpeg\" alt=\"Festival de printemps Etrix Regensdorf Zurich 2024 3\" class=\"wp-image-24880\" style=\"width:688px;height:auto\" srcset=\"https:\/\/www.etrix.ch\/media\/2024\/04\/Fruehlingsfest-etrix-regensdorf-zuerich-2024-3-1024x1024.jpeg 1024w, https:\/\/www.etrix.ch\/media\/2024\/04\/Fruehlingsfest-etrix-regensdorf-zuerich-2024-3-600x600.jpeg 600w, https:\/\/www.etrix.ch\/media\/2024\/04\/Fruehlingsfest-etrix-regensdorf-zuerich-2024-3-100x100.jpeg 100w, https:\/\/www.etrix.ch\/media\/2024\/04\/Fruehlingsfest-etrix-regensdorf-zuerich-2024-3-900x900.jpeg 900w, https:\/\/www.etrix.ch\/media\/2024\/04\/Fruehlingsfest-etrix-regensdorf-zuerich-2024-3-300x300.jpeg 300w, https:\/\/www.etrix.ch\/media\/2024\/04\/Fruehlingsfest-etrix-regensdorf-zuerich-2024-3-150x150.jpeg 150w, https:\/\/www.etrix.ch\/media\/2024\/04\/Fruehlingsfest-etrix-regensdorf-zuerich-2024-3-768x768.jpeg 768w, https:\/\/www.etrix.ch\/media\/2024\/04\/Fruehlingsfest-etrix-regensdorf-zuerich-2024-3-1536x1536.jpeg 1536w, https:\/\/www.etrix.ch\/media\/2024\/04\/Fruehlingsfest-etrix-regensdorf-zuerich-2024-3-1320x1320.jpeg 1320w, https:\/\/www.etrix.ch\/media\/2024\/04\/Fruehlingsfest-etrix-regensdorf-zuerich-2024-3-460x460.jpeg 460w, https:\/\/www.etrix.ch\/media\/2024\/04\/Fruehlingsfest-etrix-regensdorf-zuerich-2024-3.jpeg 1920w\" sizes=\"(max-width: 1024px) 100vw, 1024px\"><\/figure>\n\n\n\n<div style=\"height:20px\" aria-hidden=\"true\" class=\"wp-block-spacer\"><\/div>\n\n\n\n<figure class=\"wp-block-image size-large is-resized\"><img decoding=\"async\" width=\"1024\" height=\"1024\" src=\"https:\/\/www.etrix.ch\/media\/2024\/04\/Fruehlingsfest-etrix-regensdorf-zuerich-2024-4-1024x1024.jpg\" alt=\"Festival de printemps Etrix Regensdorf Zurich 2024 4\" class=\"wp-image-24884\" style=\"width:688px;height:auto\" srcset=\"https:\/\/www.etrix.ch\/media\/2024\/04\/Fruehlingsfest-etrix-regensdorf-zuerich-2024-4-1024x1024.jpg 1024w, https:\/\/www.etrix.ch\/media\/2024\/04\/Fruehlingsfest-etrix-regensdorf-zuerich-2024-4-600x600.jpg 600w, https:\/\/www.etrix.ch\/media\/2024\/04\/Fruehlingsfest-etrix-regensdorf-zuerich-2024-4-100x100.jpg 100w, https:\/\/www.etrix.ch\/media\/2024\/04\/Fruehlingsfest-etrix-regensdorf-zuerich-2024-4-900x900.jpg 900w, https:\/\/www.etrix.ch\/media\/2024\/04\/Fruehlingsfest-etrix-regensdorf-zuerich-2024-4-300x300.jpg 300w, https:\/\/www.etrix.ch\/media\/2024\/04\/Fruehlingsfest-etrix-regensdorf-zuerich-2024-4-150x150.jpg 150w, https:\/\/www.etrix.ch\/media\/2024\/04\/Fruehlingsfest-etrix-regensdorf-zuerich-2024-4-768x768.jpg 768w, https:\/\/www.etrix.ch\/media\/2024\/04\/Fruehlingsfest-etrix-regensdorf-zuerich-2024-4-1536x1536.jpg 1536w, https:\/\/www.etrix.ch\/media\/2024\/04\/Fruehlingsfest-etrix-regensdorf-zuerich-2024-4-1320x1320.jpg 1320w, https:\/\/www.etrix.ch\/media\/2024\/04\/Fruehlingsfest-etrix-regensdorf-zuerich-2024-4-460x460.jpg 460w, https:\/\/www.etrix.ch\/media\/2024\/04\/Fruehlingsfest-etrix-regensdorf-zuerich-2024-4.jpg 1920w\" sizes=\"(max-width: 1024px) 100vw, 1024px\"><\/figure>\n\n\n\n<div style=\"height:20px\" aria-hidden=\"true\" class=\"wp-block-spacer\"><\/div>\n\n\n\n<figure class=\"wp-block-image size-large is-resized\"><img decoding=\"async\" width=\"1024\" height=\"1024\" src=\"https:\/\/www.etrix.ch\/media\/2024\/04\/Fruehlingsfest-etrix-regensdorf-zuerich-2024-1024x1024.jpg\" alt=\"Festival de printemps Etrix Regensdorf Zurich 2024\" class=\"wp-image-24892\" style=\"width:688px;height:auto\" srcset=\"https:\/\/www.etrix.ch\/media\/2024\/04\/Fruehlingsfest-etrix-regensdorf-zuerich-2024-1024x1024.jpg 1024w, https:\/\/www.etrix.ch\/media\/2024\/04\/Fruehlingsfest-etrix-regensdorf-zuerich-2024-600x600.jpg 600w, https:\/\/www.etrix.ch\/media\/2024\/04\/Fruehlingsfest-etrix-regensdorf-zuerich-2024-100x100.jpg 100w, https:\/\/www.etrix.ch\/media\/2024\/04\/Fruehlingsfest-etrix-regensdorf-zuerich-2024-900x900.jpg 900w, https:\/\/www.etrix.ch\/media\/2024\/04\/Fruehlingsfest-etrix-regensdorf-zuerich-2024-300x300.jpg 300w, https:\/\/www.etrix.ch\/media\/2024\/04\/Fruehlingsfest-etrix-regensdorf-zuerich-2024-150x150.jpg 150w, https:\/\/www.etrix.ch\/media\/2024\/04\/Fruehlingsfest-etrix-regensdorf-zuerich-2024-768x768.jpg 768w, https:\/\/www.etrix.ch\/media\/2024\/04\/Fruehlingsfest-etrix-regensdorf-zuerich-2024-1536x1536.jpg 1536w, https:\/\/www.etrix.ch\/media\/2024\/04\/Fruehlingsfest-etrix-regensdorf-zuerich-2024-1320x1320.jpg 1320w, https:\/\/www.etrix.ch\/media\/2024\/04\/Fruehlingsfest-etrix-regensdorf-zuerich-2024-460x460.jpg 460w, https:\/\/www.etrix.ch\/media\/2024\/04\/Fruehlingsfest-etrix-regensdorf-zuerich-2024.jpg 1920w\" sizes=\"(max-width: 1024px) 100vw, 1024px\"><\/figure>\n\n\n\n<div style=\"height:20px\" aria-hidden=\"true\" class=\"wp-block-spacer\"><\/div>\n\n\n\n<figure class=\"wp-block-image size-large is-resized\"><img decoding=\"async\" width=\"1024\" height=\"1024\" src=\"https:\/\/www.etrix.ch\/media\/2024\/04\/Fruehlingsfest-etrix-regensdorf-zuerich-2024-5-1024x1024.jpeg\" alt=\"Festival de printemps Etrix Regensdorf Zurich 2024 5\" class=\"wp-image-24888\" style=\"width:688px;height:auto\" srcset=\"https:\/\/www.etrix.ch\/media\/2024\/04\/Fruehlingsfest-etrix-regensdorf-zuerich-2024-5-1024x1024.jpeg 1024w, https:\/\/www.etrix.ch\/media\/2024\/04\/Fruehlingsfest-etrix-regensdorf-zuerich-2024-5-600x600.jpeg 600w, https:\/\/www.etrix.ch\/media\/2024\/04\/Fruehlingsfest-etrix-regensdorf-zuerich-2024-5-100x100.jpeg 100w, https:\/\/www.etrix.ch\/media\/2024\/04\/Fruehlingsfest-etrix-regensdorf-zuerich-2024-5-900x900.jpeg 900w, https:\/\/www.etrix.ch\/media\/2024\/04\/Fruehlingsfest-etrix-regensdorf-zuerich-2024-5-300x300.jpeg 300w, https:\/\/www.etrix.ch\/media\/2024\/04\/Fruehlingsfest-etrix-regensdorf-zuerich-2024-5-150x150.jpeg 150w, https:\/\/www.etrix.ch\/media\/2024\/04\/Fruehlingsfest-etrix-regensdorf-zuerich-2024-5-768x768.jpeg 768w, https:\/\/www.etrix.ch\/media\/2024\/04\/Fruehlingsfest-etrix-regensdorf-zuerich-2024-5-1536x1536.jpeg 1536w, https:\/\/www.etrix.ch\/media\/2024\/04\/Fruehlingsfest-etrix-regensdorf-zuerich-2024-5-1320x1320.jpeg 1320w, https:\/\/www.etrix.ch\/media\/2024\/04\/Fruehlingsfest-etrix-regensdorf-zuerich-2024-5-460x460.jpeg 460w, https:\/\/www.etrix.ch\/media\/2024\/04\/Fruehlingsfest-etrix-regensdorf-zuerich-2024-5.jpeg 1920w\" sizes=\"(max-width: 1024px) 100vw, 1024px\"><\/figure>\n\n\n\n<p><\/p>\n\n\n\n<div style=\"height:49px\" aria-hidden=\"true\" class=\"wp-block-spacer\"><\/div>\n<\/div>\n\n\n\n<div class=\"wp-block-column is-layout-flow wp-block-column-is-layout-flow\" style=\"flex-basis:15%\"><\/div>\n<\/div>\n<\/div>\n<\/div>\n\n<div class=\"wp-block-columns alignfull is-style-spalte-full-bild is-layout-flex wp-container-core-columns-is-layout-9d6595d7 wp-block-columns-is-layout-flex\">\n<div class=\"wp-block-column is-style-full-bild-mask is-layout-flow wp-block-column-is-layout-flow\">\n<figure class=\"wp-block-video\"><video height=\"1080\" style=\"aspect-ratio: 1920 \/ 1080;\" width=\"1920\" autoplay=\"\" loop=\"\" muted=\"\" src=\"https:\/\/www.etrix.ch\/media\/2024\/03\/Video_kurz.mp4\" playsinline=\"\"><\/video><\/figure>\n\n\n\n<div class=\"wp-block-group is-style-top-image-text-weiss\"><div class=\"wp-block-group__inner-container is-layout-flow wp-block-group-is-layout-flow\">\n<p class=\"is-style-text-ber-titel\">S\u2019inscrire ou se connecter <\/p>\n\n\n\n<h3 class=\"wp-block-heading\" id=\"silence-testen-probefahren\">Festival \ud83c\udfce\ufe0f \ud83e\uddc0 \ud83c\udf77 de printemps ETRIX<\/h3>\n\n\n\n<p class=\"is-style-add-cacf\">Invit\u00e9s enregistr\u00e9s\u00a0: <strong>937<\/strong><\/p>\n\n\n<script>\nvar gform;gform||(document.addEventListener(\"gform_main_scripts_loaded\",function(){gform.scriptsLoaded=!0}),document.addEventListener(\"gform\/theme\/scripts_loaded\",function(){gform.themeScriptsLoaded=!0}),window.addEventListener(\"DOMContentLoaded\",function(){gform.domLoaded=!0}),gform={domLoaded:!1,scriptsLoaded:!1,themeScriptsLoaded:!1,isFormEditor:()=>\"function\"==typeof InitializeEditor,callIfLoaded:function(o){return!(!gform.domLoaded||!gform.scriptsLoaded||!gform.themeScriptsLoaded&&!gform.isFormEditor()||(gform.isFormEditor()&&console.warn(\"The use of gform.initializeOnLoaded() is deprecated in the form editor context and will be removed in Gravity Forms 3.1.\"),o(),0))},initializeOnLoaded:function(o){gform.callIfLoaded(o)||(document.addEventListener(\"gform_main_scripts_loaded\",()=>{gform.scriptsLoaded=!0,gform.callIfLoaded(o)}),document.addEventListener(\"gform\/theme\/scripts_loaded\",()=>{gform.themeScriptsLoaded=!0,gform.callIfLoaded(o)}),window.addEventListener(\"DOMContentLoaded\",()=>{gform.domLoaded=!0,gform.callIfLoaded(o)}))},hooks:{action:{},filter:{}},addAction:function(o,r,e,t){gform.addHook(\"action\",o,r,e,t)},addFilter:function(o,r,e,t){gform.addHook(\"filter\",o,r,e,t)},doAction:function(o){gform.doHook(\"action\",o,arguments)},applyFilters:function(o){return gform.doHook(\"filter\",o,arguments)},removeAction:function(o,r){gform.removeHook(\"action\",o,r)},removeFilter:function(o,r,e){gform.removeHook(\"filter\",o,r,e)},addHook:function(o,r,e,t,n){null==gform.hooks[o][r]&&(gform.hooks[o][r]=[]);var d=gform.hooks[o][r];null==n&&(n=r+\"_\"+d.length),gform.hooks[o][r].push({tag:n,callable:e,priority:t=null==t?10:t})},doHook:function(r,o,e){var t;if(e=Array.prototype.slice.call(e,1),null!=gform.hooks[r][o]&&((o=gform.hooks[r][o]).sort(function(o,r){return o.priority-r.priority}),o.forEach(function(o){\"function\"!=typeof(t=o.callable)&&(t=window[t]),\"action\"==r?t.apply(null,e):e[0]=t.apply(null,e)})),\"filter\"==r)return e[0]},removeHook:function(o,r,t,n){var e;null!=gform.hooks[o][r]&&(e=(e=gform.hooks[o][r]).filter(function(o,r,e){return!!(null!=n&&n!=o.tag||null!=t&&t!=o.priority)}),gform.hooks[o][r]=e)}});\n<\/script>\n\n                <div class=\"gf_browser_gecko gform_wrapper gravity-theme gform-theme--no-framework\" data-form-theme=\"gravity-theme\" data-form-index=\"0\" id=\"gform_wrapper_19\"><form method=\"post\" enctype=\"multipart\/form-data\" id=\"gform_19\" action=\"\/fr\/wp-json\/wp\/v2\/posts\/24505\" data-formid=\"19\" novalidate>\n                        <div class=\"gform-body gform_body\"><div id=\"gform_fields_19\" class=\"gform_fields top_label form_sublabel_below description_below validation_below\"><fieldset id=\"field_19_3\" class=\"gfield gfield--type-radio gfield--type-choice gfield--input-type-radio gfield--width-full gf_list_3col field_sublabel_below gfield--no-description field_description_below field_validation_below gfield_visibility_visible\"><legend class=\"gfield_label gform-field-label\">Je\/Nous venons \u00e0 l\u2019\u00e9v\u00e9nement<\/legend><div class=\"ginput_container ginput_container_radio\"><div class=\"gfield_radio\" id=\"input_19_3\">\n\t\t\t<div class=\"gchoice gchoice_19_3_0\">\n\t\t\t\t\t<input class=\"gfield-choice-input\" name=\"input_3\" type=\"radio\" value=\"1\" checked id=\"choice_19_3_0\" onchange=\"gformToggleRadioOther( this )\">\n\t\t\t\t\t<label for=\"choice_19_3_0\" id=\"label_19_3_0\" class=\"gform-field-label gform-field-label--type-inline\">1 personne<\/label>\n\t\t\t<\/div>\n\t\t\t<div class=\"gchoice gchoice_19_3_1\">\n\t\t\t\t\t<input class=\"gfield-choice-input\" name=\"input_3\" type=\"radio\" value=\"2\" id=\"choice_19_3_1\" onchange=\"gformToggleRadioOther( this )\">\n\t\t\t\t\t<label for=\"choice_19_3_1\" id=\"label_19_3_1\" class=\"gform-field-label gform-field-label--type-inline\">Paire<\/label>\n\t\t\t<\/div>\n\t\t\t<div class=\"gchoice gchoice_19_3_2\">\n\t\t\t\t\t<input class=\"gfield-choice-input\" name=\"input_3\" type=\"radio\" value=\"3\" id=\"choice_19_3_2\" onchange=\"gformToggleRadioOther( this )\">\n\t\t\t\t\t<label for=\"choice_19_3_2\" id=\"label_19_3_2\" class=\"gform-field-label gform-field-label--type-inline\">Famille<\/label>\n\t\t\t<\/div><\/div><\/div><\/fieldset><\/div><\/div>\n        <div class=\"gform-footer gform_footer top_label\"> <input type=\"submit\" id=\"gform_submit_button_19\" class=\"gform_button button\" onclick=\"gform.submission.handleButtonClick(this);\" data-submission-type=\"submit\" value=\"Annoncer\"> \n            <input type=\"hidden\" class=\"gform_hidden\" name=\"gform_submission_method\" data-js=\"gform_submission_method_19\" value=\"postback\">\n            <input type=\"hidden\" class=\"gform_hidden\" name=\"gform_theme\" data-js=\"gform_theme_19\" id=\"gform_theme_19\" value=\"gravity-theme\">\n            <input type=\"hidden\" class=\"gform_hidden\" name=\"gform_style_settings\" data-js=\"gform_style_settings_19\" id=\"gform_style_settings_19\" value='{\"inputPrimaryColor\":\"#204ce5\"}'>\n            <input type=\"hidden\" class=\"gform_hidden\" name=\"is_submit_19\" value=\"1\">\n            <input type=\"hidden\" class=\"gform_hidden\" name=\"gform_submit\" value=\"19\">\n            \n            <input type=\"hidden\" class=\"gform_hidden\" name=\"gform_currency\" data-currency=\"CHF\" value=\"WyhXCOvEnhynZJ3ZAfxFTXlMaXlYJ9lWWtTQvPSQCJ6iTdhhA2uoC4Hg4ttkTRSWxVY\/t5LGw1A43\/w12gMuIh\/jcuVCGbzTIrviI8bA1PXhkrY=\">\n            <input type=\"hidden\" class=\"gform_hidden\" name=\"gform_unique_id\" value=\"\">\n            <input type=\"hidden\" class=\"gform_hidden\" name=\"state_19\" value=\"WyJ7XCIzXCI6W1wiYWUyYTMxZWNlYTMwNmI3NDk1MTRmZTExMzA4YjlkYjFcIixcImRkM2NhNzQzMmU0Mzk2YTU1NjIyMGE5N2I0YWQwYmIwXCIsXCI4NzE2OWNlNWZiY2ZmZWQ0YzJiZjIwNDkzYmJjNjdiNlwiXX0iLCJhN2U1N2Q0N2U2NjNhODdkOGQ4MDc5NmFmN2Y0YTdhYSJd\">\n            <input type=\"hidden\" autocomplete=\"off\" class=\"gform_hidden\" name=\"gform_target_page_number_19\" id=\"gform_target_page_number_19\" value=\"0\">\n            <input type=\"hidden\" autocomplete=\"off\" class=\"gform_hidden\" name=\"gform_source_page_number_19\" id=\"gform_source_page_number_19\" value=\"1\">\n            <input type=\"hidden\" name=\"gform_field_values\" value=\"\">\n            \n        <\/div>\n                        <\/form>\n                        <\/div><script>\ngform.initializeOnLoaded( function() {gformInitSpinner( 19, 'https:\/\/www.etrix.ch\/wp-content\/plugins\/gravityforms\/images\/spinner.svg', true );jQuery('#gform_ajax_frame_19').on('load',function(){var contents = jQuery(this).contents().find('*').html();var is_postback = contents.indexOf('GF_AJAX_POSTBACK') >= 0;if(!is_postback){return;}var form_content = jQuery(this).contents().find('#gform_wrapper_19');var is_confirmation = jQuery(this).contents().find('#gform_confirmation_wrapper_19').length > 0;var is_redirect = contents.indexOf('gformRedirect(){') >= 0;var is_form = form_content.length > 0 && ! is_redirect && ! is_confirmation;var mt = parseInt(jQuery('html').css('margin-top'), 10) + parseInt(jQuery('body').css('margin-top'), 10) + 100;if(is_form){jQuery('#gform_wrapper_19').html(form_content.html());if(form_content.hasClass('gform_validation_error')){jQuery('#gform_wrapper_19').addClass('gform_validation_error');} else {jQuery('#gform_wrapper_19').removeClass('gform_validation_error');}setTimeout( function() { \/* delay the scroll by 50 milliseconds to fix a bug in chrome *\/  }, 50 );if(window['gformInitDatepicker']) {gformInitDatepicker();}if(window['gformInitPriceFields']) {gformInitPriceFields();}var current_page = jQuery('#gform_source_page_number_19').val();gformInitSpinner( 19, 'https:\/\/www.etrix.ch\/wp-content\/plugins\/gravityforms\/images\/spinner.svg', true );jQuery(document).trigger('gform_page_loaded', [19, current_page]);window['gf_submitting_19'] = false;}else if(!is_redirect){var confirmation_content = jQuery(this).contents().find('.GF_AJAX_POSTBACK').html();if(!confirmation_content){confirmation_content = contents;}jQuery('#gform_wrapper_19').replaceWith(confirmation_content);jQuery(document).trigger('gform_confirmation_loaded', [19]);window['gf_submitting_19'] = false;wp.a11y.speak(jQuery('#gform_confirmation_message_19').text());}else{jQuery('#gform_19').append(contents);if(window['gformRedirect']) {gformRedirect();}}jQuery(document).trigger(\"gform_pre_post_render\", [{ formId: \"19\", currentPage: \"current_page\", abort: function() { this.preventDefault(); } }]);        if (event && event.defaultPrevented) {                return;        }        const gformWrapperDiv = document.getElementById( \"gform_wrapper_19\" );        if ( gformWrapperDiv ) {            const visibilitySpan = document.createElement( \"span\" );            visibilitySpan.id = \"gform_visibility_test_19\";            gformWrapperDiv.insertAdjacentElement( \"afterend\", visibilitySpan );        }        const visibilityTestDiv = document.getElementById( \"gform_visibility_test_19\" );        let postRenderFired = false;        function triggerPostRender() {            if ( postRenderFired ) {                return;            }            postRenderFired = true;            gform.core.triggerPostRenderEvents( 19, current_page );            if ( visibilityTestDiv ) {                visibilityTestDiv.parentNode.removeChild( visibilityTestDiv );            }        }        function debounce( func, wait, immediate ) {            var timeout;            return function() {                var context = this, args = arguments;                var later = function() {                    timeout = null;                    if ( !immediate ) func.apply( context, args );                };                var callNow = immediate && !timeout;                clearTimeout( timeout );                timeout = setTimeout( later, wait );                if ( callNow ) func.apply( context, args );            };        }        const debouncedTriggerPostRender = debounce( function() {            triggerPostRender();        }, 200 );        if ( visibilityTestDiv && visibilityTestDiv.offsetParent === null ) {            const observer = new MutationObserver( ( mutations ) => {                mutations.forEach( ( mutation ) => {                    if ( mutation.type === 'attributes' && visibilityTestDiv.offsetParent !== null ) {                        debouncedTriggerPostRender();                        observer.disconnect();                    }                });            });            observer.observe( document.body, {                attributes: true,                childList: false,                subtree: true,                attributeFilter: [ 'style', 'class' ],            });        } else {            triggerPostRender();        }    } );} );\n<\/script>\n<\/div><\/div>\n<\/div>\n<\/div>\n\n<h2 class=\"wp-block-heading\" id=\"h-elektroroller-im-etrix-shop\">Trottinettes \u00e9lectriques dans la boutique ETRIX<\/h2>\n\n<div class=\"wp-block-columns alignwide is-layout-flex wp-container-core-columns-is-layout-9d6595d7 wp-block-columns-is-layout-flex\">\n<div class=\"wp-block-column is-layout-flow wp-block-column-is-layout-flow\" style=\"flex-basis:100%\"><div id=\"prolist-block_b0a204549313c05583a21be95a1127a5\" class=\"wc-block-grid  wp-block-product-category wc-block-product-category has-4-columns has-multiple-rows  prolist\"><ul class=\"wc-block-grid__products wp-block-columns is-style-spalten-boxed \"><li class=\"wc-block-grid__product wp-block-column   finanz-0-\">  <a href=\"https:\/\/www.etrix.ch\/fr\/scooter-electrique\/silence-s01-plus\/\" class=\"wc-block-grid__product-link\"><img decoding=\"async\" width=\"600\" height=\"600\" src=\"https:\/\/www.etrix.ch\/media\/2022\/05\/elektroroller-silence-s01plus-grey-22-600x600.jpg\" class=\"attachment-woocommerce_thumbnail size-woocommerce_thumbnail\" alt=\"Elektroroller Silence S01plus Grey 22\" srcset=\"https:\/\/www.etrix.ch\/media\/2022\/05\/elektroroller-silence-s01plus-grey-22-600x600.jpg 600w, https:\/\/www.etrix.ch\/media\/2022\/05\/elektroroller-silence-s01plus-grey-22-100x100.jpg 100w\" sizes=\"(max-width: 600px) 100vw, 600px\"><div class=\"wc-block-grid__product-title\"><h2>Silence - S01+<br><span class=\"at-zusatz-titel\">E-Roller<\/span><\/h2><\/div><\/a>  <div class=\"pro-icon\">    <div><span class=\"speed-icon\"><\/span> <span>110 km\/h<\/span><\/div>    <div><span class=\"reichweite-icon\"><\/span> <span>137 km (gem. WMTC)<\/span><\/div>    <div>\n\t\t\t\t\t\t\t\t<span class=\"money-wraps\">\n\t\t\t\t\t\t\t\t  <span class=\"money-icon\"><\/span> \n\t\t\t\t\t\t\t\t  <div>\t\t\t<span><b>CHF 8950.\u2013 <\/b><\/span> \t\t\t<span>pm. CHF 186.\u2013 <\/span>\n\t\t\t\t\t\t\t\t  <\/div>\n\t\t\t\t\t\t\t\t<\/span>\n\t\t\t\t\t\t\t  <\/div>  <\/div>  <div class=\"btns\">    <a href=\"https:\/\/www.etrix.ch\/fr\/produit\/silence-s01\/?attribute_pa_modell=s01-fr-2&amp;attribute_pa_geschwindigkeit=110-km-h-fr&amp;attribute_pa_lackierung=grey-fr\" class=\"button-new\">configurer<\/a>    <a href=\"https:\/\/www.etrix.ch\/fr\/scooter-electrique\/silence-s01-plus\/\" class=\"button-new btn-light\">en savoir plus<\/a>  <\/div><\/li><li class=\"wc-block-grid__product wp-block-column   finanz-0-\">  <a href=\"https:\/\/www.etrix.ch\/fr\/scooter-electrique\/silence-s02-plus\/\" class=\"wc-block-grid__product-link\"><img decoding=\"async\" width=\"600\" height=\"600\" src=\"https:\/\/www.etrix.ch\/media\/2026\/02\/new-s02-banner-green-600x600.png\" class=\"attachment-woocommerce_thumbnail size-woocommerce_thumbnail\" alt=\"New S02 Banner Green\" srcset=\"https:\/\/www.etrix.ch\/media\/2026\/02\/new-s02-banner-green-600x600.png 600w, https:\/\/www.etrix.ch\/media\/2026\/02\/new-s02-banner-green-150x150.png 150w, https:\/\/www.etrix.ch\/media\/2026\/02\/new-s02-banner-green-100x100.png 100w, https:\/\/www.etrix.ch\/media\/2026\/02\/new-s02-banner-green-460x460.png 460w\" sizes=\"(max-width: 600px) 100vw, 600px\"><div class=\"wc-block-grid__product-title\"><h2>Silence - S02<br><span class=\"at-zusatz-titel\">E-Roller<\/span><\/h2><\/div><\/a>  <div class=\"pro-icon\">    <div><span class=\"speed-icon\"><\/span> <span>85 km\/h<\/span><\/div>    <div><span class=\"reichweite-icon\"><\/span> <span>137 km (gem. WMTC)<\/span><\/div>    <div>\n\t\t\t\t\t\t\t\t<span class=\"money-wraps\">\n\t\t\t\t\t\t\t\t  <span class=\"money-icon\"><\/span> \n\t\t\t\t\t\t\t\t  <div>\t\t\t<span><b>CHF 4750.\u2013 <\/b><\/span> \t\t\t<span>pm. CHF 99.\u2013 <\/span>\n\t\t\t\t\t\t\t\t  <\/div>\n\t\t\t\t\t\t\t\t<\/span>\n\t\t\t\t\t\t\t  <\/div>  <\/div>  <div class=\"btns\">    <a href=\"https:\/\/www.etrix.ch\/fr\/produit\/silence-s02\/?attribute_pa_modell=s02-fr&amp;attribute_pa_geschwindigkeit=85-km-h-fr&amp;attribute_pa_lackierung=green-fr\" class=\"button-new\">configurer<\/a>    <a href=\"https:\/\/www.etrix.ch\/fr\/scooter-electrique\/silence-s02-plus\/\" class=\"button-new btn-light\">en savoir plus<\/a>  <\/div><\/li><\/ul><\/div>\n\n<div id=\"prolist-block_176b658924bb9df3a9b312790e19966f\" class=\"wc-block-grid  wp-block-product-category wc-block-product-category has-4-columns has-multiple-rows  prolist\"><ul class=\"wc-block-grid__products wp-block-columns is-style-spalten-boxed \"><li class=\"wc-block-grid__product wp-block-column  sale finanz-0-nein\">  <a href=\"https:\/\/www.etrix.ch\/fr\/scooter-electrique\/felo-fw06\/\" class=\"wc-block-grid__product-link\"><img decoding=\"async\" width=\"600\" height=\"600\" src=\"https:\/\/www.etrix.ch\/media\/2023\/02\/felo-fw06-etrix-elektroroller-scifigreen-600x600.jpg\" class=\"attachment-woocommerce_thumbnail size-woocommerce_thumbnail\" alt=\"Felo Fw06 Etrix Elektroroller Scifigreen\" srcset=\"https:\/\/www.etrix.ch\/media\/2023\/02\/felo-fw06-etrix-elektroroller-scifigreen-600x600.jpg 600w, https:\/\/www.etrix.ch\/media\/2023\/02\/felo-fw06-etrix-elektroroller-scifigreen-150x150.jpg 150w, https:\/\/www.etrix.ch\/media\/2023\/02\/felo-fw06-etrix-elektroroller-scifigreen-100x100.jpg 100w, https:\/\/www.etrix.ch\/media\/2023\/02\/felo-fw06-etrix-elektroroller-scifigreen-460x460.jpg 460w\" sizes=\"(max-width: 600px) 100vw, 600px\"><div class=\"wc-block-grid__product-title\"><h2>Felo - FW06<br><span class=\"at-zusatz-titel\">E-Roller<\/span><\/h2><\/div><\/a>  <div class=\"pro-icon\">    <div><span class=\"speed-icon\"><\/span> <span>125 km\/h<\/span><\/div>    <div><span class=\"reichweite-icon\"><\/span> <span>94 km (gem. WMTC)<\/span><\/div>    <div>\n\t\t\t\t\t\t\t\t<span class=\"money-wraps\">\n\t\t\t\t\t\t\t\t  <span class=\"money-icon\"><\/span> \n\t\t\t\t\t\t\t\t  <div>\t\t\t<span><b>CHF 4940.\u2013 <\/b><\/span> \t\t\t<span>pm. CHF 103.\u2013 <\/span>\n\t\t\t\t\t\t\t\t  <\/div>\n\t\t\t\t\t\t\t\t<\/span>\n\t\t\t\t\t\t\t  <\/div>  <\/div>  <div class=\"btns\">    <a href=\"https:\/\/www.etrix.ch\/fr\/produit\/configurer-felo-fw06\/\" class=\"button-new\">configurer<\/a>    <a href=\"https:\/\/www.etrix.ch\/fr\/scooter-electrique\/felo-fw06\/\" class=\"button-new btn-light\">en savoir plus<\/a>  <\/div><\/li><li class=\"wc-block-grid__product wp-block-column   finanz-0-\">  <a href=\"https:\/\/www.etrix.ch\/fr\/e-cross\/caofen-f80\/\" class=\"wc-block-grid__product-link\"><img decoding=\"async\" width=\"600\" height=\"600\" src=\"https:\/\/www.etrix.ch\/media\/2023\/02\/e-cross-caofen-f80-rot-1-600x600.jpg\" class=\"attachment-woocommerce_thumbnail size-woocommerce_thumbnail\" alt=\"E Cross Caofen F80 Rot 1\" srcset=\"https:\/\/www.etrix.ch\/media\/2023\/02\/e-cross-caofen-f80-rot-1-600x600.jpg 600w, https:\/\/www.etrix.ch\/media\/2023\/02\/e-cross-caofen-f80-rot-1-100x100.jpg 100w, https:\/\/www.etrix.ch\/media\/2023\/02\/e-cross-caofen-f80-rot-1-150x150.jpg 150w, https:\/\/www.etrix.ch\/media\/2023\/02\/e-cross-caofen-f80-rot-1-460x460.jpg 460w\" sizes=\"(max-width: 600px) 100vw, 600px\"><div class=\"wc-block-grid__product-title\"><h2>Caofen - F80<br><span class=\"at-zusatz-titel\">E-Cross<\/span><\/h2><\/div><\/a>  <div class=\"pro-icon\">    <div><span class=\"speed-icon\"><\/span> <span>45 km\/h, 85 km\/h<\/span><\/div>    <div><span class=\"reichweite-icon\"><\/span> <span>104 km (gem. WMTC)<\/span><\/div>    <div>\n\t\t\t\t\t\t\t\t<span class=\"money-wraps\">\n\t\t\t\t\t\t\t\t  <span class=\"money-icon\"><\/span> \n\t\t\t\t\t\t\t\t  <div>\t\t\t<span><b>CHF 6450.\u2013 <\/b><\/span> \t\t\t<span>pm. CHF 134.\u2013 <\/span>\n\t\t\t\t\t\t\t\t  <\/div>\n\t\t\t\t\t\t\t\t<\/span>\n\t\t\t\t\t\t\t  <\/div>  <\/div>  <div class=\"btns\">    <a href=\"https:\/\/www.etrix.ch\/fr\/produit\/configurer-caofen-f80\/\" class=\"button-new\">configurer<\/a>    <a href=\"https:\/\/www.etrix.ch\/fr\/e-cross\/caofen-f80\/\" class=\"button-new btn-light\">en savoir plus<\/a>  <\/div><\/li><li class=\"wc-block-grid__product wp-block-column   finanz-0-nein\">  <a href=\"https:\/\/www.etrix.ch\/fr\/scooter-electrique\/ecooter-e3s\/\" class=\"wc-block-grid__product-link\"><img decoding=\"async\" width=\"600\" height=\"600\" src=\"https:\/\/www.etrix.ch\/media\/2023\/05\/elektroroller-ecooter-e3-white-5-etrix-600x600.jpeg\" class=\"attachment-woocommerce_thumbnail size-woocommerce_thumbnail\" alt=\"Elektroroller Ecooter E3 White 5 Etrix\" srcset=\"https:\/\/www.etrix.ch\/media\/2023\/05\/elektroroller-ecooter-e3-white-5-etrix-600x600.jpeg 600w, https:\/\/www.etrix.ch\/media\/2023\/05\/elektroroller-ecooter-e3-white-5-etrix-100x100.jpeg 100w, https:\/\/www.etrix.ch\/media\/2023\/05\/elektroroller-ecooter-e3-white-5-etrix-150x150.jpeg 150w, https:\/\/www.etrix.ch\/media\/2023\/05\/elektroroller-ecooter-e3-white-5-etrix-460x460.jpeg 460w\" sizes=\"(max-width: 600px) 100vw, 600px\"><div class=\"wc-block-grid__product-title\"><h2>Ecooter - E3 Urban<br><span class=\"at-zusatz-titel\">E-Roller<\/span><\/h2><\/div><\/a>  <div class=\"pro-icon\">    <div><span class=\"speed-icon\"><\/span> <span>85 km\/h<\/span><\/div>    <div><span class=\"reichweite-icon\"><\/span> <span>120 km (WMTC)<\/span><\/div>    <div>\n\t\t\t\t\t\t\t\t<span class=\"money-wraps\">\n\t\t\t\t\t\t\t\t  <span class=\"money-icon\"><\/span> \n\t\t\t\t\t\t\t\t  <div>\t\t\t<span><b>CHF 3850.\u2013 <\/b><\/span> \t\t\t<span>pm. CHF 80.\u2013 <\/span>\n\t\t\t\t\t\t\t\t  <\/div>\n\t\t\t\t\t\t\t\t<\/span>\n\t\t\t\t\t\t\t  <\/div>  <\/div>  <div class=\"btns\">    <a href=\"https:\/\/www.etrix.ch\/fr\/produit\/ecooter-e3s-configure\/\" class=\"button-new\">configurer<\/a>    <a href=\"https:\/\/www.etrix.ch\/fr\/scooter-electrique\/ecooter-e3s\/\" class=\"button-new btn-light\">en savoir plus<\/a>  <\/div><\/li><\/ul><\/div><\/div>\n<\/div>\n","protected":false},"excerpt":{"rendered":"<p>Cette ann\u00e9e, nous sommes fiers &#8230; <a title=\"Festival de printemps ETRIX 6 et 7 avril 2024 \u00e0 Regensdorf\" class=\"read-more\" href=\"https:\/\/www.etrix.ch\/fr\/festival-de-printemps-etrix-6-et-7-avril-2024-a-regensdorf\/\" aria-label=\"En savoir plus sur Festival de printemps ETRIX 6 et 7 avril 2024 \u00e0 Regensdorf\">&gt;  En savoir plus<\/a><\/p>\n","protected":false},"author":1,"featured_media":24651,"comment_status":"closed","ping_status":"closed","sticky":false,"template":"","format":"standard","meta":{"_acf_changed":false,"footnotes":""},"categories":[366],"tags":[],"class_list":["post-24505","post","type-post","status-publish","format-standard","has-post-thumbnail","hentry","category-non-classifiee","generate-columns","tablet-grid-50","mobile-grid-100","grid-parent","grid-50"],"acf":[],"yoast_head":"<!-- This site is optimized with the Yoast SEO Premium plugin v26.9 (Yoast SEO v27.4) - https:\/\/yoast.com\/product\/yoast-seo-premium-wordpress\/ -->\n<title>Festival de printemps ETRIX 6 et 7 avril 2024 \u00e0 Regensdorf - ETRIX Elektroroller<\/title>\n<meta name=\"description\" content=\"Le Festival de Printemps ETIX, avec de nouveaux produits tels que des motos ZERO, des collaborations et des attractions. Il y en a pour tous les go\u00fbts.\" \/>\n<meta name=\"robots\" content=\"index, follow, max-snippet:-1, max-image-preview:large, max-video-preview:-1\" \/>\n<link rel=\"canonical\" href=\"https:\/\/www.etrix.ch\/fr\/festival-de-printemps-etrix-6-et-7-avril-2024-a-regensdorf\/\" \/>\n<meta property=\"og:locale\" content=\"fr_FR\" \/>\n<meta property=\"og:type\" content=\"article\" \/>\n<meta property=\"og:title\" content=\"Festival de printemps ETRIX 6 et 7 avril 2024 \u00e0 Regensdorf\" \/>\n<meta property=\"og:description\" content=\"Le Festival de Printemps ETIX, avec de nouveaux produits tels que des motos ZERO, des collaborations et des attractions. Il y en a pour tous les go\u00fbts.\" \/>\n<meta property=\"og:url\" content=\"https:\/\/www.etrix.ch\/fr\/festival-de-printemps-etrix-6-et-7-avril-2024-a-regensdorf\/\" \/>\n<meta property=\"og:site_name\" content=\"ETRIX Elektroroller\" \/>\n<meta property=\"article:publisher\" content=\"https:\/\/m.facebook.com\/etrix.emotos\/\" \/>\n<meta property=\"article:published_time\" content=\"2024-03-20T22:53:33+00:00\" \/>\n<meta property=\"article:modified_time\" content=\"2025-06-26T15:39:48+00:00\" \/>\n<meta property=\"og:image\" content=\"https:\/\/www.etrix.ch\/media\/2024\/03\/Fruehlingserwachen-2024-titelbild-info.jpg\" \/>\n\t<meta property=\"og:image:width\" content=\"1920\" \/>\n\t<meta property=\"og:image:height\" content=\"695\" \/>\n\t<meta property=\"og:image:type\" content=\"image\/jpeg\" \/>\n<meta name=\"author\" content=\"Alexander\" \/>\n<meta name=\"twitter:card\" content=\"summary_large_image\" \/>\n<meta name=\"twitter:creator\" content=\"@Alex Tupalov Admin\" \/>\n<meta name=\"twitter:site\" content=\"@etrixag\" \/>\n<meta name=\"twitter:label1\" content=\"\u00c9crit par\" \/>\n\t<meta name=\"twitter:data1\" content=\"Alexander\" \/>\n\t<meta name=\"twitter:label2\" content=\"Dur\u00e9e de lecture estim\u00e9e\" \/>\n\t<meta name=\"twitter:data2\" content=\"1 minute\" \/>\n<script type=\"application\/ld+json\" class=\"yoast-schema-graph\">{\"@context\":\"https:\\\/\\\/schema.org\",\"@graph\":[{\"@type\":\"Article\",\"@id\":\"https:\\\/\\\/www.etrix.ch\\\/fr\\\/festival-de-printemps-etrix-6-et-7-avril-2024-a-regensdorf\\\/#article\",\"isPartOf\":{\"@id\":\"https:\\\/\\\/www.etrix.ch\\\/fr\\\/festival-de-printemps-etrix-6-et-7-avril-2024-a-regensdorf\\\/\"},\"author\":{\"name\":\"Alexander\",\"@id\":\"https:\\\/\\\/www.etrix.ch\\\/fr\\\/#\\\/schema\\\/person\\\/4fd8e224b2731c6e7b229fe95ede8ab0\"},\"headline\":\"Festival de printemps ETRIX 6 et 7 avril 2024 \u00e0 Regensdorf\",\"datePublished\":\"2024-03-20T22:53:33+00:00\",\"dateModified\":\"2025-06-26T15:39:48+00:00\",\"mainEntityOfPage\":{\"@id\":\"https:\\\/\\\/www.etrix.ch\\\/fr\\\/festival-de-printemps-etrix-6-et-7-avril-2024-a-regensdorf\\\/\"},\"wordCount\":261,\"publisher\":{\"@id\":\"https:\\\/\\\/www.etrix.ch\\\/fr\\\/#organization\"},\"image\":{\"@id\":\"https:\\\/\\\/www.etrix.ch\\\/fr\\\/festival-de-printemps-etrix-6-et-7-avril-2024-a-regensdorf\\\/#primaryimage\"},\"thumbnailUrl\":\"https:\\\/\\\/www.etrix.ch\\\/media\\\/2024\\\/03\\\/Fruehlingserwachen-2024-titelbild-info.jpg\",\"articleSection\":[\"Non classifi\u00e9(e)\"],\"inLanguage\":\"fr-FR\",\"copyrightYear\":\"2024\",\"copyrightHolder\":{\"@id\":\"https:\\\/\\\/www.etrix.ch\\\/#organization\"}},{\"@type\":\"WebPage\",\"@id\":\"https:\\\/\\\/www.etrix.ch\\\/fr\\\/festival-de-printemps-etrix-6-et-7-avril-2024-a-regensdorf\\\/\",\"url\":\"https:\\\/\\\/www.etrix.ch\\\/fr\\\/festival-de-printemps-etrix-6-et-7-avril-2024-a-regensdorf\\\/\",\"name\":\"Festival de printemps ETRIX 6 et 7 avril 2024 \u00e0 Regensdorf - ETRIX Elektroroller\",\"isPartOf\":{\"@id\":\"https:\\\/\\\/www.etrix.ch\\\/fr\\\/#website\"},\"primaryImageOfPage\":{\"@id\":\"https:\\\/\\\/www.etrix.ch\\\/fr\\\/festival-de-printemps-etrix-6-et-7-avril-2024-a-regensdorf\\\/#primaryimage\"},\"image\":{\"@id\":\"https:\\\/\\\/www.etrix.ch\\\/fr\\\/festival-de-printemps-etrix-6-et-7-avril-2024-a-regensdorf\\\/#primaryimage\"},\"thumbnailUrl\":\"https:\\\/\\\/www.etrix.ch\\\/media\\\/2024\\\/03\\\/Fruehlingserwachen-2024-titelbild-info.jpg\",\"datePublished\":\"2024-03-20T22:53:33+00:00\",\"dateModified\":\"2025-06-26T15:39:48+00:00\",\"description\":\"Le Festival de Printemps ETIX, avec de nouveaux produits tels que des motos ZERO, des collaborations et des attractions. Il y en a pour tous les go\u00fbts.\",\"breadcrumb\":{\"@id\":\"https:\\\/\\\/www.etrix.ch\\\/fr\\\/festival-de-printemps-etrix-6-et-7-avril-2024-a-regensdorf\\\/#breadcrumb\"},\"inLanguage\":\"fr-FR\",\"potentialAction\":[{\"@type\":\"ReadAction\",\"target\":[\"https:\\\/\\\/www.etrix.ch\\\/fr\\\/festival-de-printemps-etrix-6-et-7-avril-2024-a-regensdorf\\\/\"]}]},{\"@type\":\"ImageObject\",\"inLanguage\":\"fr-FR\",\"@id\":\"https:\\\/\\\/www.etrix.ch\\\/fr\\\/festival-de-printemps-etrix-6-et-7-avril-2024-a-regensdorf\\\/#primaryimage\",\"url\":\"https:\\\/\\\/www.etrix.ch\\\/media\\\/2024\\\/03\\\/Fruehlingserwachen-2024-titelbild-info.jpg\",\"contentUrl\":\"https:\\\/\\\/www.etrix.ch\\\/media\\\/2024\\\/03\\\/Fruehlingserwachen-2024-titelbild-info.jpg\",\"width\":1920,\"height\":695},{\"@type\":\"BreadcrumbList\",\"@id\":\"https:\\\/\\\/www.etrix.ch\\\/fr\\\/festival-de-printemps-etrix-6-et-7-avril-2024-a-regensdorf\\\/#breadcrumb\",\"itemListElement\":[{\"@type\":\"ListItem\",\"position\":1,\"name\":\"Accueil\",\"item\":\"https:\\\/\\\/www.etrix.ch\\\/fr\\\/\"},{\"@type\":\"ListItem\",\"position\":2,\"name\":\"Festival de printemps ETRIX 6 et 7 avril 2024 \u00e0 Regensdorf\"}]},{\"@type\":\"WebSite\",\"@id\":\"https:\\\/\\\/www.etrix.ch\\\/fr\\\/#website\",\"url\":\"https:\\\/\\\/www.etrix.ch\\\/fr\\\/\",\"name\":\"ETRIX Elektroroller\",\"description\":\"E-Motos\",\"publisher\":{\"@id\":\"https:\\\/\\\/www.etrix.ch\\\/fr\\\/#organization\"},\"potentialAction\":[{\"@type\":\"SearchAction\",\"target\":{\"@type\":\"EntryPoint\",\"urlTemplate\":\"https:\\\/\\\/www.etrix.ch\\\/fr\\\/?s={search_term_string}\"},\"query-input\":{\"@type\":\"PropertyValueSpecification\",\"valueRequired\":true,\"valueName\":\"search_term_string\"}}],\"inLanguage\":\"fr-FR\"},{\"@type\":[\"Organization\",\"Place\",\"MotorcycleDealer\"],\"@id\":\"https:\\\/\\\/www.etrix.ch\\\/fr\\\/#organization\",\"name\":\"ETRIX E-Motos\",\"url\":\"https:\\\/\\\/www.etrix.ch\\\/fr\\\/\",\"logo\":{\"@id\":\"https:\\\/\\\/www.etrix.ch\\\/fr\\\/festival-de-printemps-etrix-6-et-7-avril-2024-a-regensdorf\\\/#local-main-organization-logo\"},\"image\":{\"@id\":\"https:\\\/\\\/www.etrix.ch\\\/fr\\\/festival-de-printemps-etrix-6-et-7-avril-2024-a-regensdorf\\\/#local-main-organization-logo\"},\"sameAs\":[\"https:\\\/\\\/m.facebook.com\\\/etrix.emotos\\\/\",\"https:\\\/\\\/x.com\\\/etrixag\",\"https:\\\/\\\/www.instagram.com\\\/etrix_emotos\\\/p\\\/BtVW6bXHtNv\\\/\",\"https:\\\/\\\/www.linkedin.com\\\/company\\\/etrix-ag\",\"https:\\\/\\\/www.youtube.com\\\/channel\\\/UCSd-hJdu5u8xPUEY60jexOw\"],\"address\":{\"@id\":\"https:\\\/\\\/www.etrix.ch\\\/fr\\\/festival-de-printemps-etrix-6-et-7-avril-2024-a-regensdorf\\\/#local-main-place-address\"},\"geo\":{\"@type\":\"GeoCoordinates\",\"latitude\":\"47.43839497999372\",\"longitude\":\"8.465227605227366\"},\"telephone\":[\"043 931 00 45\"],\"openingHoursSpecification\":[{\"@type\":\"OpeningHoursSpecification\",\"dayOfWeek\":[\"Monday\",\"Sunday\"],\"opens\":\"00:00\",\"closes\":\"00:00\"},{\"@type\":\"OpeningHoursSpecification\",\"dayOfWeek\":[\"Tuesday\",\"Wednesday\",\"Thursday\",\"Friday\"],\"opens\":\"10:00\",\"closes\":\"18:00\"},{\"@type\":\"OpeningHoursSpecification\",\"dayOfWeek\":[\"Saturday\"],\"opens\":\"10:00\",\"closes\":\"15:00\"}]},{\"@type\":\"Person\",\"@id\":\"https:\\\/\\\/www.etrix.ch\\\/fr\\\/#\\\/schema\\\/person\\\/4fd8e224b2731c6e7b229fe95ede8ab0\",\"name\":\"Alexander\",\"sameAs\":[\"https:\\\/\\\/www.etrix.ch\",\"https:\\\/\\\/x.com\\\/Alex Tupalov Admin\"]},{\"@type\":\"PostalAddress\",\"@id\":\"https:\\\/\\\/www.etrix.ch\\\/fr\\\/festival-de-printemps-etrix-6-et-7-avril-2024-a-regensdorf\\\/#local-main-place-address\",\"streetAddress\":\"Riedthofstrasse 122\",\"addressLocality\":\"Regensdorf\",\"postalCode\":\"8105\",\"addressRegion\":\"Z\u00fcrich\",\"addressCountry\":\"CH\"},{\"@type\":\"ImageObject\",\"inLanguage\":\"fr-FR\",\"@id\":\"https:\\\/\\\/www.etrix.ch\\\/fr\\\/festival-de-printemps-etrix-6-et-7-avril-2024-a-regensdorf\\\/#local-main-organization-logo\",\"url\":\"https:\\\/\\\/www.etrix.ch\\\/media\\\/2021\\\/05\\\/ETRIX-logo.png\",\"contentUrl\":\"https:\\\/\\\/www.etrix.ch\\\/media\\\/2021\\\/05\\\/ETRIX-logo.png\",\"width\":470,\"height\":85,\"caption\":\"ETRIX E-Motos\"}]}<\/script>\n<meta name=\"geo.placename\" content=\"Regensdorf\" \/>\n<meta name=\"geo.position\" content=\"47.43839497999372;8.465227605227366\" \/>\n<meta name=\"geo.region\" content=\"Suisse\" \/>\n<!-- \/ Yoast SEO Premium plugin. -->","yoast_head_json":{"title":"Festival de printemps ETRIX 6 et 7 avril 2024 \u00e0 Regensdorf - ETRIX Elektroroller","description":"Le Festival de Printemps ETIX, avec de nouveaux produits tels que des motos ZERO, des collaborations et des attractions. Il y en a pour tous les go\u00fbts.","robots":{"index":"index","follow":"follow","max-snippet":"max-snippet:-1","max-image-preview":"max-image-preview:large","max-video-preview":"max-video-preview:-1"},"canonical":"https:\/\/www.etrix.ch\/fr\/festival-de-printemps-etrix-6-et-7-avril-2024-a-regensdorf\/","og_locale":"fr_FR","og_type":"article","og_title":"Festival de printemps ETRIX 6 et 7 avril 2024 \u00e0 Regensdorf","og_description":"Le Festival de Printemps ETIX, avec de nouveaux produits tels que des motos ZERO, des collaborations et des attractions. Il y en a pour tous les go\u00fbts.","og_url":"https:\/\/www.etrix.ch\/fr\/festival-de-printemps-etrix-6-et-7-avril-2024-a-regensdorf\/","og_site_name":"ETRIX Elektroroller","article_publisher":"https:\/\/m.facebook.com\/etrix.emotos\/","article_published_time":"2024-03-20T22:53:33+00:00","article_modified_time":"2025-06-26T15:39:48+00:00","og_image":[{"width":1920,"height":695,"url":"https:\/\/www.etrix.ch\/media\/2024\/03\/Fruehlingserwachen-2024-titelbild-info.jpg","type":"image\/jpeg"}],"author":"Alexander","twitter_card":"summary_large_image","twitter_creator":"@Alex Tupalov Admin","twitter_site":"@etrixag","twitter_misc":{"\u00c9crit par":"Alexander","Dur\u00e9e de lecture estim\u00e9e":"1 minute"},"schema":{"@context":"https:\/\/schema.org","@graph":[{"@type":"Article","@id":"https:\/\/www.etrix.ch\/fr\/festival-de-printemps-etrix-6-et-7-avril-2024-a-regensdorf\/#article","isPartOf":{"@id":"https:\/\/www.etrix.ch\/fr\/festival-de-printemps-etrix-6-et-7-avril-2024-a-regensdorf\/"},"author":{"name":"Alexander","@id":"https:\/\/www.etrix.ch\/fr\/#\/schema\/person\/4fd8e224b2731c6e7b229fe95ede8ab0"},"headline":"Festival de printemps ETRIX 6 et 7 avril 2024 \u00e0 Regensdorf","datePublished":"2024-03-20T22:53:33+00:00","dateModified":"2025-06-26T15:39:48+00:00","mainEntityOfPage":{"@id":"https:\/\/www.etrix.ch\/fr\/festival-de-printemps-etrix-6-et-7-avril-2024-a-regensdorf\/"},"wordCount":261,"publisher":{"@id":"https:\/\/www.etrix.ch\/fr\/#organization"},"image":{"@id":"https:\/\/www.etrix.ch\/fr\/festival-de-printemps-etrix-6-et-7-avril-2024-a-regensdorf\/#primaryimage"},"thumbnailUrl":"https:\/\/www.etrix.ch\/media\/2024\/03\/Fruehlingserwachen-2024-titelbild-info.jpg","articleSection":["Non classifi\u00e9(e)"],"inLanguage":"fr-FR","copyrightYear":"2024","copyrightHolder":{"@id":"https:\/\/www.etrix.ch\/#organization"}},{"@type":"WebPage","@id":"https:\/\/www.etrix.ch\/fr\/festival-de-printemps-etrix-6-et-7-avril-2024-a-regensdorf\/","url":"https:\/\/www.etrix.ch\/fr\/festival-de-printemps-etrix-6-et-7-avril-2024-a-regensdorf\/","name":"Festival de printemps ETRIX 6 et 7 avril 2024 \u00e0 Regensdorf - ETRIX Elektroroller","isPartOf":{"@id":"https:\/\/www.etrix.ch\/fr\/#website"},"primaryImageOfPage":{"@id":"https:\/\/www.etrix.ch\/fr\/festival-de-printemps-etrix-6-et-7-avril-2024-a-regensdorf\/#primaryimage"},"image":{"@id":"https:\/\/www.etrix.ch\/fr\/festival-de-printemps-etrix-6-et-7-avril-2024-a-regensdorf\/#primaryimage"},"thumbnailUrl":"https:\/\/www.etrix.ch\/media\/2024\/03\/Fruehlingserwachen-2024-titelbild-info.jpg","datePublished":"2024-03-20T22:53:33+00:00","dateModified":"2025-06-26T15:39:48+00:00","description":"Le Festival de Printemps ETIX, avec de nouveaux produits tels que des motos ZERO, des collaborations et des attractions. Il y en a pour tous les go\u00fbts.","breadcrumb":{"@id":"https:\/\/www.etrix.ch\/fr\/festival-de-printemps-etrix-6-et-7-avril-2024-a-regensdorf\/#breadcrumb"},"inLanguage":"fr-FR","potentialAction":[{"@type":"ReadAction","target":["https:\/\/www.etrix.ch\/fr\/festival-de-printemps-etrix-6-et-7-avril-2024-a-regensdorf\/"]}]},{"@type":"ImageObject","inLanguage":"fr-FR","@id":"https:\/\/www.etrix.ch\/fr\/festival-de-printemps-etrix-6-et-7-avril-2024-a-regensdorf\/#primaryimage","url":"https:\/\/www.etrix.ch\/media\/2024\/03\/Fruehlingserwachen-2024-titelbild-info.jpg","contentUrl":"https:\/\/www.etrix.ch\/media\/2024\/03\/Fruehlingserwachen-2024-titelbild-info.jpg","width":1920,"height":695},{"@type":"BreadcrumbList","@id":"https:\/\/www.etrix.ch\/fr\/festival-de-printemps-etrix-6-et-7-avril-2024-a-regensdorf\/#breadcrumb","itemListElement":[{"@type":"ListItem","position":1,"name":"Accueil","item":"https:\/\/www.etrix.ch\/fr\/"},{"@type":"ListItem","position":2,"name":"Festival de printemps ETRIX 6 et 7 avril 2024 \u00e0 Regensdorf"}]},{"@type":"WebSite","@id":"https:\/\/www.etrix.ch\/fr\/#website","url":"https:\/\/www.etrix.ch\/fr\/","name":"ETRIX Elektroroller","description":"E-Motos","publisher":{"@id":"https:\/\/www.etrix.ch\/fr\/#organization"},"potentialAction":[{"@type":"SearchAction","target":{"@type":"EntryPoint","urlTemplate":"https:\/\/www.etrix.ch\/fr\/?s={search_term_string}"},"query-input":{"@type":"PropertyValueSpecification","valueRequired":true,"valueName":"search_term_string"}}],"inLanguage":"fr-FR"},{"@type":["Organization","Place","MotorcycleDealer"],"@id":"https:\/\/www.etrix.ch\/fr\/#organization","name":"ETRIX E-Motos","url":"https:\/\/www.etrix.ch\/fr\/","logo":{"@id":"https:\/\/www.etrix.ch\/fr\/festival-de-printemps-etrix-6-et-7-avril-2024-a-regensdorf\/#local-main-organization-logo"},"image":{"@id":"https:\/\/www.etrix.ch\/fr\/festival-de-printemps-etrix-6-et-7-avril-2024-a-regensdorf\/#local-main-organization-logo"},"sameAs":["https:\/\/m.facebook.com\/etrix.emotos\/","https:\/\/x.com\/etrixag","https:\/\/www.instagram.com\/etrix_emotos\/p\/BtVW6bXHtNv\/","https:\/\/www.linkedin.com\/company\/etrix-ag","https:\/\/www.youtube.com\/channel\/UCSd-hJdu5u8xPUEY60jexOw"],"address":{"@id":"https:\/\/www.etrix.ch\/fr\/festival-de-printemps-etrix-6-et-7-avril-2024-a-regensdorf\/#local-main-place-address"},"geo":{"@type":"GeoCoordinates","latitude":"47.43839497999372","longitude":"8.465227605227366"},"telephone":["043 931 00 45"],"openingHoursSpecification":[{"@type":"OpeningHoursSpecification","dayOfWeek":["Monday","Sunday"],"opens":"00:00","closes":"00:00"},{"@type":"OpeningHoursSpecification","dayOfWeek":["Tuesday","Wednesday","Thursday","Friday"],"opens":"10:00","closes":"18:00"},{"@type":"OpeningHoursSpecification","dayOfWeek":["Saturday"],"opens":"10:00","closes":"15:00"}]},{"@type":"Person","@id":"https:\/\/www.etrix.ch\/fr\/#\/schema\/person\/4fd8e224b2731c6e7b229fe95ede8ab0","name":"Alexander","sameAs":["https:\/\/www.etrix.ch","https:\/\/x.com\/Alex Tupalov Admin"]},{"@type":"PostalAddress","@id":"https:\/\/www.etrix.ch\/fr\/festival-de-printemps-etrix-6-et-7-avril-2024-a-regensdorf\/#local-main-place-address","streetAddress":"Riedthofstrasse 122","addressLocality":"Regensdorf","postalCode":"8105","addressRegion":"Z\u00fcrich","addressCountry":"CH"},{"@type":"ImageObject","inLanguage":"fr-FR","@id":"https:\/\/www.etrix.ch\/fr\/festival-de-printemps-etrix-6-et-7-avril-2024-a-regensdorf\/#local-main-organization-logo","url":"https:\/\/www.etrix.ch\/media\/2021\/05\/ETRIX-logo.png","contentUrl":"https:\/\/www.etrix.ch\/media\/2021\/05\/ETRIX-logo.png","width":470,"height":85,"caption":"ETRIX E-Motos"}]},"geo.placename":"Regensdorf","geo.position":{"lat":"47.43839497999372","long":"8.465227605227366"},"geo.region":"Suisse"},"_links":{"self":[{"href":"https:\/\/www.etrix.ch\/fr\/wp-json\/wp\/v2\/posts\/24505","targetHints":{"allow":["GET"]}}],"collection":[{"href":"https:\/\/www.etrix.ch\/fr\/wp-json\/wp\/v2\/posts"}],"about":[{"href":"https:\/\/www.etrix.ch\/fr\/wp-json\/wp\/v2\/types\/post"}],"author":[{"embeddable":true,"href":"https:\/\/www.etrix.ch\/fr\/wp-json\/wp\/v2\/users\/1"}],"replies":[{"embeddable":true,"href":"https:\/\/www.etrix.ch\/fr\/wp-json\/wp\/v2\/comments?post=24505"}],"version-history":[{"count":0,"href":"https:\/\/www.etrix.ch\/fr\/wp-json\/wp\/v2\/posts\/24505\/revisions"}],"wp:featuredmedia":[{"embeddable":true,"href":"https:\/\/www.etrix.ch\/fr\/wp-json\/wp\/v2\/media\/24651"}],"wp:attachment":[{"href":"https:\/\/www.etrix.ch\/fr\/wp-json\/wp\/v2\/media?parent=24505"}],"wp:term":[{"taxonomy":"category","embeddable":true,"href":"https:\/\/www.etrix.ch\/fr\/wp-json\/wp\/v2\/categories?post=24505"},{"taxonomy":"post_tag","embeddable":true,"href":"https:\/\/www.etrix.ch\/fr\/wp-json\/wp\/v2\/tags?post=24505"}],"curies":[{"name":"wp","href":"https:\/\/api.w.org\/{rel}","templated":true}]}}