{"id":21478,"date":"2023-06-10T14:03:55","date_gmt":"2023-06-10T12:03:55","guid":{"rendered":"https:\/\/www.etrix.ch\/camper-scooter-electrique-une-equipe-imbattable-pour-les-individualistes\/"},"modified":"2024-03-20T23:58:16","modified_gmt":"2024-03-20T22:58:16","slug":"camper-scooter-electrique-une-equipe-imbattable-pour-les-individualistes","status":"publish","type":"post","link":"https:\/\/www.etrix.ch\/fr\/camper-scooter-electrique-une-equipe-imbattable-pour-les-individualistes\/","title":{"rendered":"Camper &amp; scooter \u00e9lectrique \u2013 une \u00e9quipe imbattable pour les individualistes"},"content":{"rendered":"\n<div class=\"wp-block-columns alignfull is-style-spalte-top-bild is-layout-flex wp-container-core-columns-is-layout-9d6595d7 wp-block-columns-is-layout-flex\">\n<div class=\"wp-block-column is-style-top-bild-mask has-accent-color has-text-color is-layout-flow wp-block-column-is-layout-flow\">\n<figure class=\"wp-block-image alignfull size-large is-style-bild-center\"><img decoding=\"async\" width=\"1024\" height=\"646\" src=\"https:\/\/www.etrix.ch\/media\/2023\/05\/camper-elektroroller-caofen-transport-1024x646.jpg\" alt=\"Camper Scooter Electrique Caofen Transport\" class=\"wp-image-20897\" srcset=\"https:\/\/www.etrix.ch\/media\/2023\/05\/camper-elektroroller-caofen-transport-1024x646.jpg 1024w, https:\/\/www.etrix.ch\/media\/2023\/05\/camper-elektroroller-caofen-transport-900x568.jpg 900w, https:\/\/www.etrix.ch\/media\/2023\/05\/camper-elektroroller-caofen-transport-300x189.jpg 300w, https:\/\/www.etrix.ch\/media\/2023\/05\/camper-elektroroller-caofen-transport-768x484.jpg 768w, https:\/\/www.etrix.ch\/media\/2023\/05\/camper-elektroroller-caofen-transport.jpg 1124w\" sizes=\"(max-width: 1024px) 100vw, 1024px\"><\/figure>\n\n\n\n<div class=\"wp-block-group is-style-top-image-text\"><div class=\"wp-block-group__inner-container is-layout-flow wp-block-group-is-layout-flow\">\n<p class=\"is-style-default\">Campeurs &amp; Trottinettes \u00e9lectriques<br>Silence S01 &amp; S02<br>Caofen F80<\/p>\n<\/div><\/div>\n<\/div>\n<\/div>\n\n<div class=\"wp-block-columns is-layout-flex wp-container-core-columns-is-layout-9d6595d7 wp-block-columns-is-layout-flex\">\n<div class=\"wp-block-column is-layout-flow wp-block-column-is-layout-flow\">\n<div class=\"wp-block-columns is-layout-flex wp-container-core-columns-is-layout-9d6595d7 wp-block-columns-is-layout-flex\">\n<div class=\"wp-block-column is-layout-flow wp-block-column-is-layout-flow\" style=\"flex-basis:15%\"><\/div>\n\n\n\n<div class=\"wp-block-column is-layout-flow wp-block-column-is-layout-flow\" style=\"flex-basis:70%\"><h1 class=\"wp-block-post-title\">Camper &amp; scooter \u00e9lectrique \u2013 une \u00e9quipe imbattable pour les individualistes<\/h1>\n\n\n<h2 class=\"wp-block-heading\">Partons \u00e0 l\u2019aventure, avec le camping-car et une trottinette \u00e9lectrique dans vos bagages<\/h2>\n\n\n\n<p>La saison de camping a commenc\u00e9. Votre camping-car est pr\u00eat \u00e0 partir. Vous concevez vos vacances de mani\u00e8re informelle, individuelle et flexible. Vous vous arr\u00eatez quand et o\u00f9 vous le souhaitez et souhaitez donc rester flexible m\u00eame dans les villages \u00e9troits et les grandes villes. Alors la trottinette \u00e9lectrique est le compl\u00e9ment parfait \u00e0 votre camping-car. Avec lui, vous pouvez profiter de vos r\u00eaves de vacances encore plus d\u00e9tendu et flexible. <\/p>\n\n\n\n<p>Explorez des villages romantiques et roulez silencieusement dans des rues \u00e9troites et sinueuses. Ou vous pouvez fl\u00e2ner dans les rues anim\u00e9es de Barcelone, Paris, Milan, Stockholm! Les scooters \u00e9lectriques sont disponibles dans des vitesses pour r\u00e9pondre \u00e0 tous les besoins. D\u2019un tranquille 25km\/h \u00e0 un 45km\/h pratique \u00e0 110km\/h. <\/p>\n\n\n\n<p>Faire du shopping, visiter les march\u00e9s, des excursions en ville ou \u00e0 l\u2019int\u00e9rieur des terres sera \u00e9galement une promenade dans le parc avec le camping-car. La plupart des scooters \u00e9lectriques ont un grand compartiment de rangement sous le si\u00e8ge et tous peuvent \u00eatre \u00e9quip\u00e9s d\u2019un support pour les top cases, les bo\u00eetes ou autres.<\/p>\n\n\n\n<figure class=\"wp-block-image size-full\"><img decoding=\"async\" width=\"809\" height=\"970\" src=\"https:\/\/www.etrix.ch\/media\/2023\/05\/camper-elektroroller-silence-s01-transport.jpeg\" alt=\"Camper Scooter Electrique Silence S01 Transport\" class=\"wp-image-20903\" srcset=\"https:\/\/www.etrix.ch\/media\/2023\/05\/camper-elektroroller-silence-s01-transport.jpeg 809w, https:\/\/www.etrix.ch\/media\/2023\/05\/camper-elektroroller-silence-s01-transport-250x300.jpeg 250w, https:\/\/www.etrix.ch\/media\/2023\/05\/camper-elektroroller-silence-s01-transport-768x921.jpeg 768w\" sizes=\"(max-width: 809px) 100vw, 809px\"><\/figure>\n\n\n\n<p><\/p>\n\n\n\n<h2 class=\"wp-block-heading\">La bonne solution pour chaque campeur<\/h2>\n\n\n\n<p>Les scooters \u00e9lectriques sont disponibles en diff\u00e9rentes tailles et conviennent \u00e0 tous les mod\u00e8les de camping-cars. Que vous partiez avec le plus petit camping-car de 3,5 tonnes ou que vous soyez d\u00e9j\u00e0 \u00e0 l\u2019aise dans les classes plus grandes. Votre scooter est rang\u00e9 en toute s\u00e9curit\u00e9 dans le garage camping-car ou sur le porte-bagages en un rien de temps et pr\u00eat \u00e0 l\u2019emploi. La plupart des mod\u00e8les p\u00e8sent entre 80 kg et 150 kg, et avec un gros avantage : si vous souhaitez optimiser la r\u00e9partition du poids dans votre camping-car, vous pouvez retirer les batteries en quelques \u00e9tapes simples. <\/p>\n\n\n\n<h2 class=\"wp-block-heading\">Les scooters \u00e9lectriques vous d\u00e9placent partout <\/h2>\n\n\n\n<p>Un scooter \u00e9lectrique vous emm\u00e8ne non seulement \u00e0 votre destination <s>en toute s\u00e9curit\u00e9 et confortablement<\/s> , mais peut \u00e9galement \u00eatre facilement charg\u00e9 \u00e0 n\u2019importe quelle prise domestique. N\u2019oubliez pas l\u2019adaptateur de prise et la rallonge, alors rien ne s\u2019oppose \u00e0 la recharge sur la terrasse jardin de l\u2019Osteria. <\/p>\n\n\n\n<p>Les entra\u00eenements enti\u00e8rement \u00e9lectriques sont \u00e9galement sans \u00e9missions. Vous appr\u00e9cierez particuli\u00e8rement cela si vous avez un acc\u00e8s direct du garage camping-car au salon.<\/p>\n\n\n\n<figure class=\"wp-block-image size-full is-style-default\"><img decoding=\"async\" width=\"702\" height=\"659\" src=\"https:\/\/www.etrix.ch\/media\/2023\/05\/camper-elektroroller-silene-s02-transport.jpg\" alt=\"Camper Scooter Electrique Silene S02 Transport\" class=\"wp-image-20900\" srcset=\"https:\/\/www.etrix.ch\/media\/2023\/05\/camper-elektroroller-silene-s02-transport.jpg 702w, https:\/\/www.etrix.ch\/media\/2023\/05\/camper-elektroroller-silene-s02-transport-300x282.jpg 300w\" sizes=\"(max-width: 702px) 100vw, 702px\"><\/figure>\n\n\n\n<p><\/p>\n\n\n\n<p><strong>Plaisir de conduire inclus<\/strong> <\/p>\n\n\n\n<p>Les trottinettes \u00e9lectriques repr\u00e9sentent avant tout une chose : le plaisir de conduire ! Avec diff\u00e9rents modes de conduite, vous pouvez adapter le comportement de conduite \u00e0 votre environnement. Peu importe donc que vous naviguiez vers votre destination de mani\u00e8re d\u00e9tendue, sportive ou respectueuse de l\u2019environnement. \u00c0 tout moment, vous pouvez profiter du vent dans votre visage, vous trouverez certainement toujours une place de parking et vous chargerez m\u00eame la batterie lors du freinage. C\u2019est ainsi que les vacances devraient \u00eatre. <\/p>\n\n\n\n<p>Et un autre petit conseil bonus: sur la plupart des Elektroller, vous pouvez aussi bien rouler \u00e0 deux\u2026 <\/p>\n\n\n\n<p>Inscrivez-vous d\u00e8s maintenant pour un <a href=\"https:\/\/www.etrix.ch\/fr\/faire-un-essai\/\">essai et<\/a> convainquez-vous du sentiment de trottinette \u00e9lectrique! <\/p>\n<\/div>\n\n\n\n<div class=\"wp-block-column is-layout-flow wp-block-column-is-layout-flow\" style=\"flex-basis:15%\"><\/div>\n<\/div>\n<\/div>\n<\/div>\n\n<div class=\"wp-block-columns alignfull is-style-spalte-full-bild is-layout-flex wp-container-core-columns-is-layout-9d6595d7 wp-block-columns-is-layout-flex\">\n<div class=\"wp-block-column is-style-full-bild-mask is-layout-flow wp-block-column-is-layout-flow\">\n<figure class=\"wp-block-image alignfull size-large\"><img decoding=\"async\" width=\"1024\" height=\"768\" src=\"https:\/\/www.etrix.ch\/media\/2021\/06\/PJAN0627-1024x768.jpg\" alt=\"SHOWROOM \u00c0 REGENSDORF\/ZURICH\" class=\"wp-image-1046\" srcset=\"https:\/\/www.etrix.ch\/media\/2021\/06\/PJAN0627-1024x768.jpg 1024w, https:\/\/www.etrix.ch\/media\/2021\/06\/PJAN0627-scaled-900x675.jpg 900w, https:\/\/www.etrix.ch\/media\/2021\/06\/PJAN0627-768x576.jpg 768w, https:\/\/www.etrix.ch\/media\/2021\/06\/PJAN0627-scaled.jpg 2048w\" sizes=\"(max-width: 1024px) 100vw, 1024px\"><\/figure>\n\n\n\n<div class=\"wp-block-group is-style-top-image-text-weiss\"><div class=\"wp-block-group__inner-container is-layout-flow wp-block-group-is-layout-flow\">\n<p class=\"is-style-text-ber-titel\">SHOWROOM \u00c0 REGENSDORF\/ZURICH<\/p>\n\n\n\n<h3 class=\"wp-block-heading\" id=\"silence-testen-probefahren\">Test Silence et essai routier<\/h3>\n\n\n\n<p>dans toute la Suisse chez nos revendeurs \u00e0 <br>Berne, B\u00e2le, Gen\u00e8ve, St-Gall, Lucerne, Lausanne dans le magasin.<\/p>\n\n\n\n<div class=\"wp-block-buttons is-layout-flex wp-block-buttons-is-layout-flex\">\n<div class=\"wp-block-button\"><a class=\"wp-block-button__link wp-element-button\" href=\"https:\/\/www.etrix.ch\/fr\/faire-un-essai\/\">Inscrivez-vous pour un essai routier<\/a><\/div>\n<\/div>\n<\/div><\/div>\n<\/div>\n<\/div>\n\n<h2 class=\"wp-block-heading\" id=\"h-elektroroller-im-etrix-shop\">Trottinettes \u00e9lectriques dans la boutique ETRIX<\/h2>\n\n<div class=\"wp-block-columns alignwide is-layout-flex wp-container-core-columns-is-layout-9d6595d7 wp-block-columns-is-layout-flex\">\n<div class=\"wp-block-column is-layout-flow wp-block-column-is-layout-flow\" style=\"flex-basis:100%\"><div id=\"prolist-block_afdf76969ccb865d3ed8e0ed21a73e3c\" class=\"wc-block-grid  wp-block-product-category wc-block-product-category has-4-columns has-multiple-rows  prolist\"><ul class=\"wc-block-grid__products wp-block-columns is-style-spalten-boxed \"><li class=\"wc-block-grid__product wp-block-column   finanz-0-\">  <a href=\"https:\/\/www.etrix.ch\/fr\/scooter-electrique\/silence-s01-plus\/\" class=\"wc-block-grid__product-link\"><img decoding=\"async\" width=\"600\" height=\"600\" src=\"https:\/\/www.etrix.ch\/media\/2022\/05\/elektroroller-silence-s01plus-grey-22-600x600.jpg\" class=\"attachment-woocommerce_thumbnail size-woocommerce_thumbnail\" alt=\"Elektroroller Silence S01plus Grey 22\" srcset=\"https:\/\/www.etrix.ch\/media\/2022\/05\/elektroroller-silence-s01plus-grey-22-600x600.jpg 600w, https:\/\/www.etrix.ch\/media\/2022\/05\/elektroroller-silence-s01plus-grey-22-100x100.jpg 100w\" sizes=\"(max-width: 600px) 100vw, 600px\"><div class=\"wc-block-grid__product-title\"><h2>Silence - S01+<br><span class=\"at-zusatz-titel\">E-Roller<\/span><\/h2><\/div><\/a>  <div class=\"pro-icon\">    <div><span class=\"speed-icon\"><\/span> <span>110 km\/h<\/span><\/div>    <div><span class=\"reichweite-icon\"><\/span> <span>137 km (gem. WMTC)<\/span><\/div>    <div>\n\t\t\t\t\t\t\t\t<span class=\"money-wraps\">\n\t\t\t\t\t\t\t\t  <span class=\"money-icon\"><\/span> \n\t\t\t\t\t\t\t\t  <div>\t\t\t<span><b>CHF 8950.\u2013 <\/b><\/span> \t\t\t<span>pm. CHF 186.\u2013 <\/span>\n\t\t\t\t\t\t\t\t  <\/div>\n\t\t\t\t\t\t\t\t<\/span>\n\t\t\t\t\t\t\t  <\/div>  <\/div>  <div class=\"btns\">    <a href=\"https:\/\/www.etrix.ch\/fr\/produit\/silence-s01\/?attribute_pa_modell=s01-fr-2&amp;attribute_pa_geschwindigkeit=110-km-h-fr&amp;attribute_pa_lackierung=grey-fr\" class=\"button-new\">configurer<\/a>    <a href=\"https:\/\/www.etrix.ch\/fr\/scooter-electrique\/silence-s01-plus\/\" class=\"button-new btn-light\">en savoir plus<\/a>  <\/div><\/li><li class=\"wc-block-grid__product wp-block-column   finanz-0-\">  <a href=\"https:\/\/www.etrix.ch\/fr\/scooter-electrique\/silence-s02-plus\/\" class=\"wc-block-grid__product-link\"><img decoding=\"async\" width=\"600\" height=\"600\" src=\"https:\/\/www.etrix.ch\/media\/2026\/02\/new-s02-banner-green-600x600.png\" class=\"attachment-woocommerce_thumbnail size-woocommerce_thumbnail\" alt=\"New S02 Banner Green\" srcset=\"https:\/\/www.etrix.ch\/media\/2026\/02\/new-s02-banner-green-600x600.png 600w, https:\/\/www.etrix.ch\/media\/2026\/02\/new-s02-banner-green-150x150.png 150w, https:\/\/www.etrix.ch\/media\/2026\/02\/new-s02-banner-green-100x100.png 100w, https:\/\/www.etrix.ch\/media\/2026\/02\/new-s02-banner-green-460x460.png 460w\" sizes=\"(max-width: 600px) 100vw, 600px\"><div class=\"wc-block-grid__product-title\"><h2>Silence - S02<br><span class=\"at-zusatz-titel\">E-Roller<\/span><\/h2><\/div><\/a>  <div class=\"pro-icon\">    <div><span class=\"speed-icon\"><\/span> <span>85 km\/h<\/span><\/div>    <div><span class=\"reichweite-icon\"><\/span> <span>137 km (gem. WMTC)<\/span><\/div>    <div>\n\t\t\t\t\t\t\t\t<span class=\"money-wraps\">\n\t\t\t\t\t\t\t\t  <span class=\"money-icon\"><\/span> \n\t\t\t\t\t\t\t\t  <div>\t\t\t<span><b>CHF 4750.\u2013 <\/b><\/span> \t\t\t<span>pm. CHF 99.\u2013 <\/span>\n\t\t\t\t\t\t\t\t  <\/div>\n\t\t\t\t\t\t\t\t<\/span>\n\t\t\t\t\t\t\t  <\/div>  <\/div>  <div class=\"btns\">    <a href=\"https:\/\/www.etrix.ch\/fr\/produit\/silence-s02\/?attribute_pa_modell=s02-fr&amp;attribute_pa_geschwindigkeit=85-km-h-fr&amp;attribute_pa_lackierung=green-fr\" class=\"button-new\">configurer<\/a>    <a href=\"https:\/\/www.etrix.ch\/fr\/scooter-electrique\/silence-s02-plus\/\" class=\"button-new btn-light\">en savoir plus<\/a>  <\/div><\/li><\/ul><\/div>\n\n<div id=\"prolist-block_45a24615ed53a6f03ffccc629617d5e0\" class=\"wc-block-grid  wp-block-product-category wc-block-product-category has-4-columns has-multiple-rows  prolist\"><ul class=\"wc-block-grid__products wp-block-columns is-style-spalten-boxed \"><li class=\"wc-block-grid__product wp-block-column  sale finanz-0-nein\">  <a href=\"https:\/\/www.etrix.ch\/fr\/scooter-electrique\/felo-fw06\/\" class=\"wc-block-grid__product-link\"><img decoding=\"async\" width=\"600\" height=\"600\" src=\"https:\/\/www.etrix.ch\/media\/2023\/02\/felo-fw06-etrix-elektroroller-scifigreen-600x600.jpg\" class=\"attachment-woocommerce_thumbnail size-woocommerce_thumbnail\" alt=\"Felo Fw06 Etrix Elektroroller Scifigreen\" srcset=\"https:\/\/www.etrix.ch\/media\/2023\/02\/felo-fw06-etrix-elektroroller-scifigreen-600x600.jpg 600w, https:\/\/www.etrix.ch\/media\/2023\/02\/felo-fw06-etrix-elektroroller-scifigreen-150x150.jpg 150w, https:\/\/www.etrix.ch\/media\/2023\/02\/felo-fw06-etrix-elektroroller-scifigreen-100x100.jpg 100w, https:\/\/www.etrix.ch\/media\/2023\/02\/felo-fw06-etrix-elektroroller-scifigreen-460x460.jpg 460w\" sizes=\"(max-width: 600px) 100vw, 600px\"><div class=\"wc-block-grid__product-title\"><h2>Felo - FW06<br><span class=\"at-zusatz-titel\">E-Roller<\/span><\/h2><\/div><\/a>  <div class=\"pro-icon\">    <div><span class=\"speed-icon\"><\/span> <span>125 km\/h<\/span><\/div>    <div><span class=\"reichweite-icon\"><\/span> <span>94 km (gem. WMTC)<\/span><\/div>    <div>\n\t\t\t\t\t\t\t\t<span class=\"money-wraps\">\n\t\t\t\t\t\t\t\t  <span class=\"money-icon\"><\/span> \n\t\t\t\t\t\t\t\t  <div>\t\t\t<span><b>CHF 4940.\u2013 <\/b><\/span> \t\t\t<span>pm. CHF 103.\u2013 <\/span>\n\t\t\t\t\t\t\t\t  <\/div>\n\t\t\t\t\t\t\t\t<\/span>\n\t\t\t\t\t\t\t  <\/div>  <\/div>  <div class=\"btns\">    <a href=\"https:\/\/www.etrix.ch\/fr\/produit\/configurer-felo-fw06\/\" class=\"button-new\">configurer<\/a>    <a href=\"https:\/\/www.etrix.ch\/fr\/scooter-electrique\/felo-fw06\/\" class=\"button-new btn-light\">en savoir plus<\/a>  <\/div><\/li><li class=\"wc-block-grid__product wp-block-column   finanz-0-\">  <a href=\"https:\/\/www.etrix.ch\/e-cross\/caofen-f80\/\" class=\"wc-block-grid__product-link\"><img decoding=\"async\" width=\"600\" height=\"600\" src=\"https:\/\/www.etrix.ch\/media\/2023\/02\/e-cross-caofen-f80-rot-1-600x600.jpg\" class=\"attachment-woocommerce_thumbnail size-woocommerce_thumbnail\" alt=\"E Cross Caofen F80 Rot 1\" srcset=\"https:\/\/www.etrix.ch\/media\/2023\/02\/e-cross-caofen-f80-rot-1-600x600.jpg 600w, https:\/\/www.etrix.ch\/media\/2023\/02\/e-cross-caofen-f80-rot-1-100x100.jpg 100w, https:\/\/www.etrix.ch\/media\/2023\/02\/e-cross-caofen-f80-rot-1-150x150.jpg 150w, https:\/\/www.etrix.ch\/media\/2023\/02\/e-cross-caofen-f80-rot-1-460x460.jpg 460w\" sizes=\"(max-width: 600px) 100vw, 600px\"><div class=\"wc-block-grid__product-title\"><h2>Caofen - F80<br><span class=\"at-zusatz-titel\">E-Cross<\/span><\/h2><\/div><\/a>  <div class=\"pro-icon\">    <div><span class=\"speed-icon\"><\/span> <span>45 km\/h, 85 km\/h<\/span><\/div>    <div><span class=\"reichweite-icon\"><\/span> <span>104 km (gem. WMTC)<\/span><\/div>    <div>\n\t\t\t\t\t\t\t\t<span class=\"money-wraps\">\n\t\t\t\t\t\t\t\t  <span class=\"money-icon\"><\/span> \n\t\t\t\t\t\t\t\t  <div>\t\t\t<span><b>CHF 6450.\u2013 <\/b><\/span> \t\t\t<span>pm. CHF 134.\u2013 <\/span>\n\t\t\t\t\t\t\t\t  <\/div>\n\t\t\t\t\t\t\t\t<\/span>\n\t\t\t\t\t\t\t  <\/div>  <\/div>  <div class=\"btns\">    <a href=\"https:\/\/www.etrix.ch\/fr\/produit\/configurer-caofen-f80\/\" class=\"button-new\">configurer<\/a>    <a href=\"https:\/\/www.etrix.ch\/fr\/e-cross\/caofen-f80\/\" class=\"button-new btn-light\">en savoir plus<\/a>  <\/div><\/li><li class=\"wc-block-grid__product wp-block-column   finanz-0-nein\">  <a href=\"https:\/\/www.etrix.ch\/fr\/scooter-electrique\/ecooter-e3s\/\" class=\"wc-block-grid__product-link\"><img decoding=\"async\" width=\"600\" height=\"600\" src=\"https:\/\/www.etrix.ch\/media\/2023\/05\/elektroroller-ecooter-e3-white-5-etrix-600x600.jpeg\" class=\"attachment-woocommerce_thumbnail size-woocommerce_thumbnail\" alt=\"Elektroroller Ecooter E3 White 5 Etrix\" srcset=\"https:\/\/www.etrix.ch\/media\/2023\/05\/elektroroller-ecooter-e3-white-5-etrix-600x600.jpeg 600w, https:\/\/www.etrix.ch\/media\/2023\/05\/elektroroller-ecooter-e3-white-5-etrix-100x100.jpeg 100w, https:\/\/www.etrix.ch\/media\/2023\/05\/elektroroller-ecooter-e3-white-5-etrix-150x150.jpeg 150w, https:\/\/www.etrix.ch\/media\/2023\/05\/elektroroller-ecooter-e3-white-5-etrix-460x460.jpeg 460w\" sizes=\"(max-width: 600px) 100vw, 600px\"><div class=\"wc-block-grid__product-title\"><h2>Ecooter - E3 Urban<br><span class=\"at-zusatz-titel\">E-Roller<\/span><\/h2><\/div><\/a>  <div class=\"pro-icon\">    <div><span class=\"speed-icon\"><\/span> <span>85 km\/h<\/span><\/div>    <div><span class=\"reichweite-icon\"><\/span> <span>120 km (WMTC)<\/span><\/div>    <div>\n\t\t\t\t\t\t\t\t<span class=\"money-wraps\">\n\t\t\t\t\t\t\t\t  <span class=\"money-icon\"><\/span> \n\t\t\t\t\t\t\t\t  <div>\t\t\t<span><b>CHF 3850.\u2013 <\/b><\/span> \t\t\t<span>pm. CHF 80.\u2013 <\/span>\n\t\t\t\t\t\t\t\t  <\/div>\n\t\t\t\t\t\t\t\t<\/span>\n\t\t\t\t\t\t\t  <\/div>  <\/div>  <div class=\"btns\">    <a href=\"https:\/\/www.etrix.ch\/fr\/produit\/ecooter-e3s-configure\/\" class=\"button-new\">configurer<\/a>    <a href=\"https:\/\/www.etrix.ch\/fr\/scooter-electrique\/ecooter-e3s\/\" class=\"button-new btn-light\">en savoir plus<\/a>  <\/div><\/li><\/ul><\/div><\/div>\n<\/div>\n","protected":false},"excerpt":{"rendered":"<p>Campeurs &amp; Trottinettes \u00e9lectriquesSilence S01 &#8230; <a title=\"Camper &amp; scooter \u00e9lectrique \u2013 une \u00e9quipe imbattable pour les individualistes\" class=\"read-more\" href=\"https:\/\/www.etrix.ch\/fr\/camper-scooter-electrique-une-equipe-imbattable-pour-les-individualistes\/\" aria-label=\"En savoir plus sur Camper &amp; scooter \u00e9lectrique \u2013 une \u00e9quipe imbattable pour les individualistes\">&gt;  En savoir plus<\/a><\/p>\n","protected":false},"author":5,"featured_media":0,"comment_status":"closed","ping_status":"closed","sticky":false,"template":"","format":"standard","meta":{"_acf_changed":false,"footnotes":""},"categories":[366],"tags":[],"class_list":["post-21478","post","type-post","status-publish","format-standard","hentry","category-non-classifiee","generate-columns","tablet-grid-50","mobile-grid-100","grid-parent","grid-50"],"acf":[],"yoast_head":"<!-- This site is optimized with the Yoast SEO Premium plugin v26.9 (Yoast SEO v27.4) - https:\/\/yoast.com\/product\/yoast-seo-premium-wordpress\/ -->\n<title>Campeurs &amp; scooters \u00e9lectriques \u2013 une \u00e9quipe imbattable<\/title>\n<meta name=\"description\" content=\"Camper &amp; Electric Scooter \u2013 une \u00e9quipe imbattable pour les individualistes, il existe une solution adapt\u00e9e \u00e0 tous, des scooters de 25 km\/h \u00e0 120 km\/h.\" \/>\n<meta name=\"robots\" content=\"index, follow, max-snippet:-1, max-image-preview:large, max-video-preview:-1\" \/>\n<link rel=\"canonical\" href=\"https:\/\/www.etrix.ch\/fr\/camper-scooter-electrique-une-equipe-imbattable-pour-les-individualistes\/\" \/>\n<meta property=\"og:locale\" content=\"fr_FR\" \/>\n<meta property=\"og:type\" content=\"article\" \/>\n<meta property=\"og:title\" content=\"Camper &amp; scooter \u00e9lectrique \u2013 une \u00e9quipe imbattable pour les individualistes\" \/>\n<meta property=\"og:description\" content=\"Camper &amp; Electric Scooter \u2013 une \u00e9quipe imbattable pour les individualistes, il existe une solution adapt\u00e9e \u00e0 tous, des scooters de 25 km\/h \u00e0 120 km\/h.\" \/>\n<meta property=\"og:url\" content=\"https:\/\/www.etrix.ch\/fr\/camper-scooter-electrique-une-equipe-imbattable-pour-les-individualistes\/\" \/>\n<meta property=\"og:site_name\" content=\"ETRIX Elektroroller\" \/>\n<meta property=\"article:publisher\" content=\"https:\/\/m.facebook.com\/etrix.emotos\/\" \/>\n<meta property=\"article:published_time\" content=\"2023-06-10T12:03:55+00:00\" \/>\n<meta property=\"article:modified_time\" content=\"2024-03-20T22:58:16+00:00\" \/>\n<meta property=\"og:image\" content=\"https:\/\/www.etrix.ch\/media\/2023\/05\/camper-elektroroller-caofen-transport-1024x646.jpg\" \/>\n<meta name=\"author\" content=\"kirsten\" \/>\n<meta name=\"twitter:card\" content=\"summary_large_image\" \/>\n<meta name=\"twitter:creator\" content=\"@etrixag\" \/>\n<meta name=\"twitter:site\" content=\"@etrixag\" \/>\n<meta name=\"twitter:label1\" content=\"\u00c9crit par\" \/>\n\t<meta name=\"twitter:data1\" content=\"kirsten\" \/>\n\t<meta name=\"twitter:label2\" content=\"Dur\u00e9e de lecture estim\u00e9e\" \/>\n\t<meta name=\"twitter:data2\" content=\"3 minutes\" \/>\n<script type=\"application\/ld+json\" class=\"yoast-schema-graph\">{\"@context\":\"https:\\\/\\\/schema.org\",\"@graph\":[{\"@type\":\"Article\",\"@id\":\"https:\\\/\\\/www.etrix.ch\\\/fr\\\/camper-scooter-electrique-une-equipe-imbattable-pour-les-individualistes\\\/#article\",\"isPartOf\":{\"@id\":\"https:\\\/\\\/www.etrix.ch\\\/fr\\\/camper-scooter-electrique-une-equipe-imbattable-pour-les-individualistes\\\/\"},\"author\":{\"name\":\"kirsten\",\"@id\":\"https:\\\/\\\/www.etrix.ch\\\/fr\\\/#\\\/schema\\\/person\\\/4fa9806e89a152aac93d5bbcce0172a3\"},\"headline\":\"Camper &amp; scooter \u00e9lectrique \u2013 une \u00e9quipe imbattable pour les individualistes\",\"datePublished\":\"2023-06-10T12:03:55+00:00\",\"dateModified\":\"2024-03-20T22:58:16+00:00\",\"mainEntityOfPage\":{\"@id\":\"https:\\\/\\\/www.etrix.ch\\\/fr\\\/camper-scooter-electrique-une-equipe-imbattable-pour-les-individualistes\\\/\"},\"wordCount\":572,\"publisher\":{\"@id\":\"https:\\\/\\\/www.etrix.ch\\\/fr\\\/#organization\"},\"image\":{\"@id\":\"https:\\\/\\\/www.etrix.ch\\\/fr\\\/camper-scooter-electrique-une-equipe-imbattable-pour-les-individualistes\\\/#primaryimage\"},\"thumbnailUrl\":\"https:\\\/\\\/www.etrix.ch\\\/media\\\/2023\\\/05\\\/camper-elektroroller-caofen-transport-1024x646.jpg\",\"articleSection\":[\"Non classifi\u00e9(e)\"],\"inLanguage\":\"fr-FR\",\"copyrightYear\":\"2023\",\"copyrightHolder\":{\"@id\":\"https:\\\/\\\/www.etrix.ch\\\/#organization\"}},{\"@type\":\"WebPage\",\"@id\":\"https:\\\/\\\/www.etrix.ch\\\/fr\\\/camper-scooter-electrique-une-equipe-imbattable-pour-les-individualistes\\\/\",\"url\":\"https:\\\/\\\/www.etrix.ch\\\/fr\\\/camper-scooter-electrique-une-equipe-imbattable-pour-les-individualistes\\\/\",\"name\":\"Campeurs & scooters \u00e9lectriques \u2013 une \u00e9quipe imbattable\",\"isPartOf\":{\"@id\":\"https:\\\/\\\/www.etrix.ch\\\/fr\\\/#website\"},\"primaryImageOfPage\":{\"@id\":\"https:\\\/\\\/www.etrix.ch\\\/fr\\\/camper-scooter-electrique-une-equipe-imbattable-pour-les-individualistes\\\/#primaryimage\"},\"image\":{\"@id\":\"https:\\\/\\\/www.etrix.ch\\\/fr\\\/camper-scooter-electrique-une-equipe-imbattable-pour-les-individualistes\\\/#primaryimage\"},\"thumbnailUrl\":\"https:\\\/\\\/www.etrix.ch\\\/media\\\/2023\\\/05\\\/camper-elektroroller-caofen-transport-1024x646.jpg\",\"datePublished\":\"2023-06-10T12:03:55+00:00\",\"dateModified\":\"2024-03-20T22:58:16+00:00\",\"description\":\"Camper & Electric Scooter \u2013 une \u00e9quipe imbattable pour les individualistes, il existe une solution adapt\u00e9e \u00e0 tous, des scooters de 25 km\\\/h \u00e0 120 km\\\/h.\",\"breadcrumb\":{\"@id\":\"https:\\\/\\\/www.etrix.ch\\\/fr\\\/camper-scooter-electrique-une-equipe-imbattable-pour-les-individualistes\\\/#breadcrumb\"},\"inLanguage\":\"fr-FR\",\"potentialAction\":[{\"@type\":\"ReadAction\",\"target\":[\"https:\\\/\\\/www.etrix.ch\\\/fr\\\/camper-scooter-electrique-une-equipe-imbattable-pour-les-individualistes\\\/\"]}]},{\"@type\":\"ImageObject\",\"inLanguage\":\"fr-FR\",\"@id\":\"https:\\\/\\\/www.etrix.ch\\\/fr\\\/camper-scooter-electrique-une-equipe-imbattable-pour-les-individualistes\\\/#primaryimage\",\"url\":\"https:\\\/\\\/www.etrix.ch\\\/media\\\/2023\\\/05\\\/camper-elektroroller-caofen-transport-1024x646.jpg\",\"contentUrl\":\"https:\\\/\\\/www.etrix.ch\\\/media\\\/2023\\\/05\\\/camper-elektroroller-caofen-transport-1024x646.jpg\"},{\"@type\":\"BreadcrumbList\",\"@id\":\"https:\\\/\\\/www.etrix.ch\\\/fr\\\/camper-scooter-electrique-une-equipe-imbattable-pour-les-individualistes\\\/#breadcrumb\",\"itemListElement\":[{\"@type\":\"ListItem\",\"position\":1,\"name\":\"Accueil\",\"item\":\"https:\\\/\\\/www.etrix.ch\\\/fr\\\/\"},{\"@type\":\"ListItem\",\"position\":2,\"name\":\"Camper &amp; scooter \u00e9lectrique \u2013 une \u00e9quipe imbattable pour les individualistes\"}]},{\"@type\":\"WebSite\",\"@id\":\"https:\\\/\\\/www.etrix.ch\\\/fr\\\/#website\",\"url\":\"https:\\\/\\\/www.etrix.ch\\\/fr\\\/\",\"name\":\"ETRIX Elektroroller\",\"description\":\"E-Motos\",\"publisher\":{\"@id\":\"https:\\\/\\\/www.etrix.ch\\\/fr\\\/#organization\"},\"potentialAction\":[{\"@type\":\"SearchAction\",\"target\":{\"@type\":\"EntryPoint\",\"urlTemplate\":\"https:\\\/\\\/www.etrix.ch\\\/fr\\\/?s={search_term_string}\"},\"query-input\":{\"@type\":\"PropertyValueSpecification\",\"valueRequired\":true,\"valueName\":\"search_term_string\"}}],\"inLanguage\":\"fr-FR\"},{\"@type\":[\"Organization\",\"Place\",\"MotorcycleDealer\"],\"@id\":\"https:\\\/\\\/www.etrix.ch\\\/fr\\\/#organization\",\"name\":\"ETRIX E-Motos\",\"url\":\"https:\\\/\\\/www.etrix.ch\\\/fr\\\/\",\"logo\":{\"@id\":\"https:\\\/\\\/www.etrix.ch\\\/fr\\\/camper-scooter-electrique-une-equipe-imbattable-pour-les-individualistes\\\/#local-main-organization-logo\"},\"image\":{\"@id\":\"https:\\\/\\\/www.etrix.ch\\\/fr\\\/camper-scooter-electrique-une-equipe-imbattable-pour-les-individualistes\\\/#local-main-organization-logo\"},\"sameAs\":[\"https:\\\/\\\/m.facebook.com\\\/etrix.emotos\\\/\",\"https:\\\/\\\/x.com\\\/etrixag\",\"https:\\\/\\\/www.instagram.com\\\/etrix_emotos\\\/p\\\/BtVW6bXHtNv\\\/\",\"https:\\\/\\\/www.linkedin.com\\\/company\\\/etrix-ag\",\"https:\\\/\\\/www.youtube.com\\\/channel\\\/UCSd-hJdu5u8xPUEY60jexOw\"],\"address\":{\"@id\":\"https:\\\/\\\/www.etrix.ch\\\/fr\\\/camper-scooter-electrique-une-equipe-imbattable-pour-les-individualistes\\\/#local-main-place-address\"},\"geo\":{\"@type\":\"GeoCoordinates\",\"latitude\":\"47.43839497999372\",\"longitude\":\"8.465227605227366\"},\"telephone\":[\"043 931 00 45\"],\"openingHoursSpecification\":[{\"@type\":\"OpeningHoursSpecification\",\"dayOfWeek\":[\"Monday\",\"Sunday\"],\"opens\":\"00:00\",\"closes\":\"00:00\"},{\"@type\":\"OpeningHoursSpecification\",\"dayOfWeek\":[\"Tuesday\",\"Wednesday\",\"Thursday\",\"Friday\"],\"opens\":\"10:00\",\"closes\":\"18:00\"},{\"@type\":\"OpeningHoursSpecification\",\"dayOfWeek\":[\"Saturday\"],\"opens\":\"10:00\",\"closes\":\"15:00\"}]},{\"@type\":\"Person\",\"@id\":\"https:\\\/\\\/www.etrix.ch\\\/fr\\\/#\\\/schema\\\/person\\\/4fa9806e89a152aac93d5bbcce0172a3\",\"name\":\"kirsten\"},{\"@type\":\"PostalAddress\",\"@id\":\"https:\\\/\\\/www.etrix.ch\\\/fr\\\/camper-scooter-electrique-une-equipe-imbattable-pour-les-individualistes\\\/#local-main-place-address\",\"streetAddress\":\"Riedthofstrasse 122\",\"addressLocality\":\"Regensdorf\",\"postalCode\":\"8105\",\"addressRegion\":\"Z\u00fcrich\",\"addressCountry\":\"CH\"},{\"@type\":\"ImageObject\",\"inLanguage\":\"fr-FR\",\"@id\":\"https:\\\/\\\/www.etrix.ch\\\/fr\\\/camper-scooter-electrique-une-equipe-imbattable-pour-les-individualistes\\\/#local-main-organization-logo\",\"url\":\"https:\\\/\\\/www.etrix.ch\\\/media\\\/2021\\\/05\\\/ETRIX-logo.png\",\"contentUrl\":\"https:\\\/\\\/www.etrix.ch\\\/media\\\/2021\\\/05\\\/ETRIX-logo.png\",\"width\":470,\"height\":85,\"caption\":\"ETRIX E-Motos\"}]}<\/script>\n<meta name=\"geo.placename\" content=\"Regensdorf\" \/>\n<meta name=\"geo.position\" content=\"47.43839497999372;8.465227605227366\" \/>\n<meta name=\"geo.region\" content=\"Suisse\" \/>\n<!-- \/ Yoast SEO Premium plugin. -->","yoast_head_json":{"title":"Campeurs & scooters \u00e9lectriques \u2013 une \u00e9quipe imbattable","description":"Camper & Electric Scooter \u2013 une \u00e9quipe imbattable pour les individualistes, il existe une solution adapt\u00e9e \u00e0 tous, des scooters de 25 km\/h \u00e0 120 km\/h.","robots":{"index":"index","follow":"follow","max-snippet":"max-snippet:-1","max-image-preview":"max-image-preview:large","max-video-preview":"max-video-preview:-1"},"canonical":"https:\/\/www.etrix.ch\/fr\/camper-scooter-electrique-une-equipe-imbattable-pour-les-individualistes\/","og_locale":"fr_FR","og_type":"article","og_title":"Camper &amp; scooter \u00e9lectrique \u2013 une \u00e9quipe imbattable pour les individualistes","og_description":"Camper & Electric Scooter \u2013 une \u00e9quipe imbattable pour les individualistes, il existe une solution adapt\u00e9e \u00e0 tous, des scooters de 25 km\/h \u00e0 120 km\/h.","og_url":"https:\/\/www.etrix.ch\/fr\/camper-scooter-electrique-une-equipe-imbattable-pour-les-individualistes\/","og_site_name":"ETRIX Elektroroller","article_publisher":"https:\/\/m.facebook.com\/etrix.emotos\/","article_published_time":"2023-06-10T12:03:55+00:00","article_modified_time":"2024-03-20T22:58:16+00:00","og_image":[{"url":"https:\/\/www.etrix.ch\/media\/2023\/05\/camper-elektroroller-caofen-transport-1024x646.jpg","type":"","width":"","height":""}],"author":"kirsten","twitter_card":"summary_large_image","twitter_creator":"@etrixag","twitter_site":"@etrixag","twitter_misc":{"\u00c9crit par":"kirsten","Dur\u00e9e de lecture estim\u00e9e":"3 minutes"},"schema":{"@context":"https:\/\/schema.org","@graph":[{"@type":"Article","@id":"https:\/\/www.etrix.ch\/fr\/camper-scooter-electrique-une-equipe-imbattable-pour-les-individualistes\/#article","isPartOf":{"@id":"https:\/\/www.etrix.ch\/fr\/camper-scooter-electrique-une-equipe-imbattable-pour-les-individualistes\/"},"author":{"name":"kirsten","@id":"https:\/\/www.etrix.ch\/fr\/#\/schema\/person\/4fa9806e89a152aac93d5bbcce0172a3"},"headline":"Camper &amp; scooter \u00e9lectrique \u2013 une \u00e9quipe imbattable pour les individualistes","datePublished":"2023-06-10T12:03:55+00:00","dateModified":"2024-03-20T22:58:16+00:00","mainEntityOfPage":{"@id":"https:\/\/www.etrix.ch\/fr\/camper-scooter-electrique-une-equipe-imbattable-pour-les-individualistes\/"},"wordCount":572,"publisher":{"@id":"https:\/\/www.etrix.ch\/fr\/#organization"},"image":{"@id":"https:\/\/www.etrix.ch\/fr\/camper-scooter-electrique-une-equipe-imbattable-pour-les-individualistes\/#primaryimage"},"thumbnailUrl":"https:\/\/www.etrix.ch\/media\/2023\/05\/camper-elektroroller-caofen-transport-1024x646.jpg","articleSection":["Non classifi\u00e9(e)"],"inLanguage":"fr-FR","copyrightYear":"2023","copyrightHolder":{"@id":"https:\/\/www.etrix.ch\/#organization"}},{"@type":"WebPage","@id":"https:\/\/www.etrix.ch\/fr\/camper-scooter-electrique-une-equipe-imbattable-pour-les-individualistes\/","url":"https:\/\/www.etrix.ch\/fr\/camper-scooter-electrique-une-equipe-imbattable-pour-les-individualistes\/","name":"Campeurs & scooters \u00e9lectriques \u2013 une \u00e9quipe imbattable","isPartOf":{"@id":"https:\/\/www.etrix.ch\/fr\/#website"},"primaryImageOfPage":{"@id":"https:\/\/www.etrix.ch\/fr\/camper-scooter-electrique-une-equipe-imbattable-pour-les-individualistes\/#primaryimage"},"image":{"@id":"https:\/\/www.etrix.ch\/fr\/camper-scooter-electrique-une-equipe-imbattable-pour-les-individualistes\/#primaryimage"},"thumbnailUrl":"https:\/\/www.etrix.ch\/media\/2023\/05\/camper-elektroroller-caofen-transport-1024x646.jpg","datePublished":"2023-06-10T12:03:55+00:00","dateModified":"2024-03-20T22:58:16+00:00","description":"Camper & Electric Scooter \u2013 une \u00e9quipe imbattable pour les individualistes, il existe une solution adapt\u00e9e \u00e0 tous, des scooters de 25 km\/h \u00e0 120 km\/h.","breadcrumb":{"@id":"https:\/\/www.etrix.ch\/fr\/camper-scooter-electrique-une-equipe-imbattable-pour-les-individualistes\/#breadcrumb"},"inLanguage":"fr-FR","potentialAction":[{"@type":"ReadAction","target":["https:\/\/www.etrix.ch\/fr\/camper-scooter-electrique-une-equipe-imbattable-pour-les-individualistes\/"]}]},{"@type":"ImageObject","inLanguage":"fr-FR","@id":"https:\/\/www.etrix.ch\/fr\/camper-scooter-electrique-une-equipe-imbattable-pour-les-individualistes\/#primaryimage","url":"https:\/\/www.etrix.ch\/media\/2023\/05\/camper-elektroroller-caofen-transport-1024x646.jpg","contentUrl":"https:\/\/www.etrix.ch\/media\/2023\/05\/camper-elektroroller-caofen-transport-1024x646.jpg"},{"@type":"BreadcrumbList","@id":"https:\/\/www.etrix.ch\/fr\/camper-scooter-electrique-une-equipe-imbattable-pour-les-individualistes\/#breadcrumb","itemListElement":[{"@type":"ListItem","position":1,"name":"Accueil","item":"https:\/\/www.etrix.ch\/fr\/"},{"@type":"ListItem","position":2,"name":"Camper &amp; scooter \u00e9lectrique \u2013 une \u00e9quipe imbattable pour les individualistes"}]},{"@type":"WebSite","@id":"https:\/\/www.etrix.ch\/fr\/#website","url":"https:\/\/www.etrix.ch\/fr\/","name":"ETRIX Elektroroller","description":"E-Motos","publisher":{"@id":"https:\/\/www.etrix.ch\/fr\/#organization"},"potentialAction":[{"@type":"SearchAction","target":{"@type":"EntryPoint","urlTemplate":"https:\/\/www.etrix.ch\/fr\/?s={search_term_string}"},"query-input":{"@type":"PropertyValueSpecification","valueRequired":true,"valueName":"search_term_string"}}],"inLanguage":"fr-FR"},{"@type":["Organization","Place","MotorcycleDealer"],"@id":"https:\/\/www.etrix.ch\/fr\/#organization","name":"ETRIX E-Motos","url":"https:\/\/www.etrix.ch\/fr\/","logo":{"@id":"https:\/\/www.etrix.ch\/fr\/camper-scooter-electrique-une-equipe-imbattable-pour-les-individualistes\/#local-main-organization-logo"},"image":{"@id":"https:\/\/www.etrix.ch\/fr\/camper-scooter-electrique-une-equipe-imbattable-pour-les-individualistes\/#local-main-organization-logo"},"sameAs":["https:\/\/m.facebook.com\/etrix.emotos\/","https:\/\/x.com\/etrixag","https:\/\/www.instagram.com\/etrix_emotos\/p\/BtVW6bXHtNv\/","https:\/\/www.linkedin.com\/company\/etrix-ag","https:\/\/www.youtube.com\/channel\/UCSd-hJdu5u8xPUEY60jexOw"],"address":{"@id":"https:\/\/www.etrix.ch\/fr\/camper-scooter-electrique-une-equipe-imbattable-pour-les-individualistes\/#local-main-place-address"},"geo":{"@type":"GeoCoordinates","latitude":"47.43839497999372","longitude":"8.465227605227366"},"telephone":["043 931 00 45"],"openingHoursSpecification":[{"@type":"OpeningHoursSpecification","dayOfWeek":["Monday","Sunday"],"opens":"00:00","closes":"00:00"},{"@type":"OpeningHoursSpecification","dayOfWeek":["Tuesday","Wednesday","Thursday","Friday"],"opens":"10:00","closes":"18:00"},{"@type":"OpeningHoursSpecification","dayOfWeek":["Saturday"],"opens":"10:00","closes":"15:00"}]},{"@type":"Person","@id":"https:\/\/www.etrix.ch\/fr\/#\/schema\/person\/4fa9806e89a152aac93d5bbcce0172a3","name":"kirsten"},{"@type":"PostalAddress","@id":"https:\/\/www.etrix.ch\/fr\/camper-scooter-electrique-une-equipe-imbattable-pour-les-individualistes\/#local-main-place-address","streetAddress":"Riedthofstrasse 122","addressLocality":"Regensdorf","postalCode":"8105","addressRegion":"Z\u00fcrich","addressCountry":"CH"},{"@type":"ImageObject","inLanguage":"fr-FR","@id":"https:\/\/www.etrix.ch\/fr\/camper-scooter-electrique-une-equipe-imbattable-pour-les-individualistes\/#local-main-organization-logo","url":"https:\/\/www.etrix.ch\/media\/2021\/05\/ETRIX-logo.png","contentUrl":"https:\/\/www.etrix.ch\/media\/2021\/05\/ETRIX-logo.png","width":470,"height":85,"caption":"ETRIX E-Motos"}]},"geo.placename":"Regensdorf","geo.position":{"lat":"47.43839497999372","long":"8.465227605227366"},"geo.region":"Suisse"},"_links":{"self":[{"href":"https:\/\/www.etrix.ch\/fr\/wp-json\/wp\/v2\/posts\/21478","targetHints":{"allow":["GET"]}}],"collection":[{"href":"https:\/\/www.etrix.ch\/fr\/wp-json\/wp\/v2\/posts"}],"about":[{"href":"https:\/\/www.etrix.ch\/fr\/wp-json\/wp\/v2\/types\/post"}],"author":[{"embeddable":true,"href":"https:\/\/www.etrix.ch\/fr\/wp-json\/wp\/v2\/users\/5"}],"replies":[{"embeddable":true,"href":"https:\/\/www.etrix.ch\/fr\/wp-json\/wp\/v2\/comments?post=21478"}],"version-history":[{"count":0,"href":"https:\/\/www.etrix.ch\/fr\/wp-json\/wp\/v2\/posts\/21478\/revisions"}],"wp:attachment":[{"href":"https:\/\/www.etrix.ch\/fr\/wp-json\/wp\/v2\/media?parent=21478"}],"wp:term":[{"taxonomy":"category","embeddable":true,"href":"https:\/\/www.etrix.ch\/fr\/wp-json\/wp\/v2\/categories?post=21478"},{"taxonomy":"post_tag","embeddable":true,"href":"https:\/\/www.etrix.ch\/fr\/wp-json\/wp\/v2\/tags?post=21478"}],"curies":[{"name":"wp","href":"https:\/\/api.w.org\/{rel}","templated":true}]}}