{"id":19690,"date":"2022-11-11T16:34:25","date_gmt":"2022-11-11T15:34:25","guid":{"rendered":"https:\/\/www.etrix.ch\/une-affaire-propre-pour-lequipe-de-formule-1-sauber\/"},"modified":"2025-06-26T10:36:38","modified_gmt":"2025-06-26T08:36:38","slug":"une-affaire-propre-pour-lequipe-de-formule-1-sauber","status":"publish","type":"post","link":"https:\/\/www.etrix.ch\/fr\/une-affaire-propre-pour-lequipe-de-formule-1-sauber\/","title":{"rendered":"Une affaire propre pour l&rsquo;\u00e9quipe de Formule 1 Sauber"},"content":{"rendered":"\n<div class=\"wp-block-columns alignfull is-style-spalte-top-bild is-layout-flex wp-container-core-columns-is-layout-9d6595d7 wp-block-columns-is-layout-flex\">\n<div class=\"wp-block-column is-style-top-bild-mask has-global-color-8-color has-text-color is-layout-flow wp-block-column-is-layout-flow\">\n<figure class=\"wp-block-image alignfull size-full is-style-bild-center\"><img decoding=\"async\" width=\"2000\" height=\"1333\" src=\"https:\/\/www.etrix.ch\/media\/2022\/11\/Etrix-2022-Italian-Grand-Prix-Sunday-1.jpg\" alt=\"F1 Italian Grand Prix 2022 Race\" class=\"wp-image-17966\" srcset=\"https:\/\/www.etrix.ch\/media\/2022\/11\/Etrix-2022-Italian-Grand-Prix-Sunday-1.jpg 2000w, https:\/\/www.etrix.ch\/media\/2022\/11\/Etrix-2022-Italian-Grand-Prix-Sunday-1-900x600.jpg 900w, https:\/\/www.etrix.ch\/media\/2022\/11\/Etrix-2022-Italian-Grand-Prix-Sunday-1-300x200.jpg 300w, https:\/\/www.etrix.ch\/media\/2022\/11\/Etrix-2022-Italian-Grand-Prix-Sunday-1-1024x682.jpg 1024w, https:\/\/www.etrix.ch\/media\/2022\/11\/Etrix-2022-Italian-Grand-Prix-Sunday-1-768x512.jpg 768w, https:\/\/www.etrix.ch\/media\/2022\/11\/Etrix-2022-Italian-Grand-Prix-Sunday-1-1536x1024.jpg 1536w, https:\/\/www.etrix.ch\/media\/2022\/11\/Etrix-2022-Italian-Grand-Prix-Sunday-1-1320x880.jpg 1320w\" sizes=\"(max-width: 2000px) 100vw, 2000px\"><figcaption class=\"wp-element-caption\">BOTTAS Valtteri (fin), Alfa Romeo F1 Team ORLEN C42, ZEHNDER Beat, Team Manager d\u2019Alfa Romeo F1 Team ORLEN, ZHOU Guanyu (chi), Alfa Romeo F1 Team ORLEN C42, portrait lors du Formula 1 Pirelli Gran Premio d\u2019Italia 2022, Grand Prix d\u2019Italie 2022, 16e manche du Championnat du monde de Formule 1 de la FIA 2022 du 9 au 11 septembre 2022 sur l\u2019Autodromo Nazionale di Monza, \u00e0 Monza, Italie - Photo Antonin Vincent \/ DPPI<\/figcaption><\/figure>\n\n\n\n<div class=\"wp-block-group is-style-top-image-text\"><div class=\"wp-block-group__inner-container is-layout-flow wp-block-group-is-layout-flow\">\n<p class=\"is-style-default\">Propret\u00e9 <br>chez propre <br>Formule 1<\/p>\n<\/div><\/div>\n<\/div>\n<\/div>\n\n<div class=\"wp-block-columns is-layout-flex wp-container-core-columns-is-layout-9d6595d7 wp-block-columns-is-layout-flex\">\n<div class=\"wp-block-column is-layout-flow wp-block-column-is-layout-flow\">\n<div class=\"wp-block-columns is-layout-flex wp-container-core-columns-is-layout-9d6595d7 wp-block-columns-is-layout-flex\">\n<div class=\"wp-block-column is-layout-flow wp-block-column-is-layout-flow\" style=\"flex-basis:15%\"><\/div>\n\n\n\n<div class=\"wp-block-column is-layout-flow wp-block-column-is-layout-flow\" style=\"flex-basis:70%\"><h1 class=\"wp-block-post-title\">Une affaire propre pour l\u2019\u00e9quipe de Formule 1 Sauber<\/h1>\n\n\n<h2 class=\"wp-block-heading\">Deux scooters \u00e9lectriques Silence S01 contribuent \u00e0 la r\u00e9duction de l\u2019empreinte carbone de la prestigieuse \u00e9curie Sauber <\/h2>\n\n\n\n<p>Depuis la coop\u00e9ration entre ETRIX et Sauber il y a trois ans, les pilotes de Formule 1 de la prestigieuse \u00e9curie utilisent deux scooters \u00e9lectriques Silence S01 pour r\u00e9duire leur empreinte carbone. Beat Zehnder, directeur sportif de Sauber et pilote Silence de longue date, a vu l\u2019opportunit\u00e9 de se d\u00e9placer sans \u00e9missions sur les circuits. <\/p>\n\n\n\n<h2 class=\"wp-block-heading\">Facteur de plaisir inclus <\/h2>\n\n\n\n<p>L\u00e0 o\u00f9 l\u2019on utilisait autrefois des scooters \u00e0 essence, les conducteurs se d\u00e9placent aujourd\u2019hui avec \u00e9l\u00e9gance et en silence gr\u00e2ce aux puissants <a href=\"https:\/\/www.etrix.ch\/fr\/scooter-electrique\/silence-s01-plus\/\">Silence S01 &amp; S01+<\/a>. Les scooters \u00e9lectriques ne sont pas seulement utilis\u00e9s sur les champs de course, mais aussi pour se rendre \u00e0 l\u2019h\u00f4tel, ce qui n\u2019est pas le moindre des plaisirs. <\/p>\n\n\n\n<figure class=\"wp-block-image size-large\"><img decoding=\"async\" width=\"1024\" height=\"683\" src=\"https:\/\/www.etrix.ch\/media\/2022\/11\/alfaromeoracingwithdrivers-1024x683.jpg\" alt=\"F1 Grand Prix de Belgique 2020\" class=\"wp-image-17971\" srcset=\"https:\/\/www.etrix.ch\/media\/2022\/11\/alfaromeoracingwithdrivers-1024x683.jpg 1024w, https:\/\/www.etrix.ch\/media\/2022\/11\/alfaromeoracingwithdrivers-scaled-900x600.jpg 900w, https:\/\/www.etrix.ch\/media\/2022\/11\/alfaromeoracingwithdrivers-300x200.jpg 300w, https:\/\/www.etrix.ch\/media\/2022\/11\/alfaromeoracingwithdrivers-768x512.jpg 768w, https:\/\/www.etrix.ch\/media\/2022\/11\/alfaromeoracingwithdrivers-1536x1024.jpg 1536w, https:\/\/www.etrix.ch\/media\/2022\/11\/alfaromeoracingwithdrivers-2048x1365.jpg 2048w, https:\/\/www.etrix.ch\/media\/2022\/11\/alfaromeoracingwithdrivers-1320x880.jpg 1320w\" sizes=\"(max-width: 1024px) 100vw, 1024px\"><\/figure>\n\n\n\n<p><\/p>\n\n\n\n<h2 class=\"wp-block-heading\">Coop\u00e9ration respectueuse du climat <\/h2>\n\n\n\n<p>Chaque ann\u00e9e, ETRIX fournit gratuitement \u00e0 Sauber deux nouveaux scooters \u00e9lectriques Silence S01, personnalis\u00e9s avec les num\u00e9ros des pilotes. En 2020\/21, Kimi R\u00e4ikk\u00f6nen et Antonio Giovinazzi ont utilis\u00e9 les scooters \u00e9lectriques, et actuellement Valtteri Bottas et Guanyu Zhou. Ces v\u00e9hicules \u00e9cologiques sont tr\u00e8s populaires au sein de l\u2019\u00e9quipe et font partie int\u00e9grante de la vie quotidienne de l\u2019\u00e9curie.    <\/p>\n\n\n\n<figure class=\"wp-block-image size-full is-style-default\"><img decoding=\"async\" width=\"1170\" height=\"1171\" src=\"https:\/\/www.etrix.ch\/media\/2022\/11\/113.jpg\" alt=\"113\" class=\"wp-image-18106\" srcset=\"https:\/\/www.etrix.ch\/media\/2022\/11\/113.jpg 1170w, https:\/\/www.etrix.ch\/media\/2022\/11\/113-600x600.jpg 600w, https:\/\/www.etrix.ch\/media\/2022\/11\/113-100x100.jpg 100w, https:\/\/www.etrix.ch\/media\/2022\/11\/113-900x901.jpg 900w, https:\/\/www.etrix.ch\/media\/2022\/11\/113-300x300.jpg 300w, https:\/\/www.etrix.ch\/media\/2022\/11\/113-1024x1024.jpg 1024w, https:\/\/www.etrix.ch\/media\/2022\/11\/113-150x150.jpg 150w, https:\/\/www.etrix.ch\/media\/2022\/11\/113-768x769.jpg 768w, https:\/\/www.etrix.ch\/media\/2022\/11\/113-460x460.jpg 460w\" sizes=\"(max-width: 1170px) 100vw, 1170px\"><\/figure>\n\n\n\n<p><\/p>\n\n\n\n<p>Les scooters \u00e9lectriques du fabricant espagnol Silence ne convainquent pas seulement par leur puissance impressionnante et leur \u00e9l\u00e9gance sportive, mais s\u2019imposent aussi clairement face aux autres fournisseurs en termes de performance et de rapport qualit\u00e9-prix imbattable lors des tests. Ainsi, le S01\/S01+ a \u00e9t\u00e9 d\u00e9sign\u00e9 deux ann\u00e9es de suite vainqueur du grand test du TCS et \u00e9galement du test de l\u2019ADAC. <\/p>\n\n\n\n<p><\/p>\n\n\n\n<p><\/p>\n<\/div>\n\n\n\n<div class=\"wp-block-column is-layout-flow wp-block-column-is-layout-flow\" style=\"flex-basis:15%\"><\/div>\n<\/div>\n<\/div>\n<\/div>\n\n<div class=\"wp-block-columns alignfull is-style-spalte-full-bild is-layout-flex wp-container-core-columns-is-layout-9d6595d7 wp-block-columns-is-layout-flex\">\n<div class=\"wp-block-column is-style-full-bild-mask is-layout-flow wp-block-column-is-layout-flow\">\n<figure class=\"wp-block-image alignfull size-full\"><img decoding=\"async\" width=\"2048\" height=\"1536\" src=\"https:\/\/www.etrix.ch\/media\/2021\/06\/PJAN0627-scaled.jpg\" alt=\"SHOWROOM \u00c0 REGENSDORF\/ZURICH\" class=\"wp-image-1046\" srcset=\"https:\/\/www.etrix.ch\/media\/2021\/06\/PJAN0627-scaled.jpg 2048w, https:\/\/www.etrix.ch\/media\/2021\/06\/PJAN0627-scaled-900x675.jpg 900w, https:\/\/www.etrix.ch\/media\/2021\/06\/PJAN0627-1024x768.jpg 1024w, https:\/\/www.etrix.ch\/media\/2021\/06\/PJAN0627-768x576.jpg 768w\" sizes=\"(max-width: 2048px) 100vw, 2048px\"><\/figure>\n\n\n\n<div class=\"wp-block-group is-style-top-image-text-weiss\"><div class=\"wp-block-group__inner-container is-layout-flow wp-block-group-is-layout-flow\">\n<p class=\"is-style-text-ber-titel\">SHOWROOM \u00c0 REGENSDORF\/ZURICH<\/p>\n\n\n\n<h3 class=\"wp-block-heading\" id=\"silence-testen-probefahren\">Test Silence et essai routier<\/h3>\n\n\n\n<p>Inscris-toi tout de suite \u00e0 un essai routier et go\u00fbte toi-m\u00eame au sentiment de silence !<\/p>\n\n\n\n<div class=\"wp-block-buttons is-layout-flex wp-block-buttons-is-layout-flex\">\n<div class=\"wp-block-button\"><a class=\"wp-block-button__link wp-element-button\" href=\"https:\/\/www.etrix.ch\/fr\/faire-un-essai\/\">Inscrivez-vous pour un essai routier<\/a><\/div>\n<\/div>\n<\/div><\/div>\n<\/div>\n<\/div>\n\n<h2 class=\"wp-block-heading\" id=\"h-silence-roller-im-etrix-shop\"> Silence Roller dans la boutique ETRIX<\/h2>\n\n<div class=\"wp-block-columns alignwide is-layout-flex wp-container-core-columns-is-layout-9d6595d7 wp-block-columns-is-layout-flex\">\n<div class=\"wp-block-column is-layout-flow wp-block-column-is-layout-flow\" style=\"flex-basis:100%\"><div id=\"prolist-block_8593c5a3ad7d54e444e41f151824eb96\" class=\"wc-block-grid  wp-block-product-category wc-block-product-category has-4-columns has-multiple-rows  prolist\"><ul class=\"wc-block-grid__products wp-block-columns is-style-spalten-boxed \"><li class=\"wc-block-grid__product wp-block-column   finanz-0-\">  <a href=\"https:\/\/www.etrix.ch\/fr\/scooter-electrique\/silence-s01-plus\/\" class=\"wc-block-grid__product-link\"><img decoding=\"async\" width=\"600\" height=\"600\" src=\"https:\/\/www.etrix.ch\/media\/2022\/05\/elektroroller-silence-s01plus-grey-22-600x600.jpg\" class=\"attachment-woocommerce_thumbnail size-woocommerce_thumbnail\" alt=\"Elektroroller Silence S01plus Grey 22\" srcset=\"https:\/\/www.etrix.ch\/media\/2022\/05\/elektroroller-silence-s01plus-grey-22-600x600.jpg 600w, https:\/\/www.etrix.ch\/media\/2022\/05\/elektroroller-silence-s01plus-grey-22-100x100.jpg 100w\" sizes=\"(max-width: 600px) 100vw, 600px\"><div class=\"wc-block-grid__product-title\"><h2>Silence - S01+<br><span class=\"at-zusatz-titel\">E-Roller<\/span><\/h2><\/div><\/a>  <div class=\"pro-icon\">    <div><span class=\"speed-icon\"><\/span> <span>110 km\/h<\/span><\/div>    <div><span class=\"reichweite-icon\"><\/span> <span>137 km (gem. WMTC)<\/span><\/div>    <div>\n\t\t\t\t\t\t\t\t<span class=\"money-wraps\">\n\t\t\t\t\t\t\t\t  <span class=\"money-icon\"><\/span> \n\t\t\t\t\t\t\t\t  <div>\t\t\t<span><b>CHF 8950.\u2013 <\/b><\/span> \t\t\t<span>pm. CHF 186.\u2013 <\/span>\n\t\t\t\t\t\t\t\t  <\/div>\n\t\t\t\t\t\t\t\t<\/span>\n\t\t\t\t\t\t\t  <\/div>  <\/div>  <div class=\"btns\">    <a href=\"https:\/\/www.etrix.ch\/fr\/produit\/silence-s01\/?attribute_pa_modell=s01-fr-2&amp;attribute_pa_geschwindigkeit=110-km-h-fr&amp;attribute_pa_lackierung=grey-fr\" class=\"button-new\">configurer<\/a>    <a href=\"https:\/\/www.etrix.ch\/fr\/scooter-electrique\/silence-s01-plus\/\" class=\"button-new btn-light\">en savoir plus<\/a>  <\/div><\/li><li class=\"wc-block-grid__product wp-block-column   finanz-0-\">  <a href=\"https:\/\/www.etrix.ch\/fr\/scooter-electrique\/silence-s02-plus\/\" class=\"wc-block-grid__product-link\"><img decoding=\"async\" width=\"600\" height=\"600\" src=\"https:\/\/www.etrix.ch\/media\/2026\/02\/new-s02-banner-green-600x600.png\" class=\"attachment-woocommerce_thumbnail size-woocommerce_thumbnail\" alt=\"New S02 Banner Green\" srcset=\"https:\/\/www.etrix.ch\/media\/2026\/02\/new-s02-banner-green-600x600.png 600w, https:\/\/www.etrix.ch\/media\/2026\/02\/new-s02-banner-green-150x150.png 150w, https:\/\/www.etrix.ch\/media\/2026\/02\/new-s02-banner-green-100x100.png 100w, https:\/\/www.etrix.ch\/media\/2026\/02\/new-s02-banner-green-460x460.png 460w\" sizes=\"(max-width: 600px) 100vw, 600px\"><div class=\"wc-block-grid__product-title\"><h2>Silence - S02<br><span class=\"at-zusatz-titel\">E-Roller<\/span><\/h2><\/div><\/a>  <div class=\"pro-icon\">    <div><span class=\"speed-icon\"><\/span> <span>85 km\/h<\/span><\/div>    <div><span class=\"reichweite-icon\"><\/span> <span>137 km (gem. WMTC)<\/span><\/div>    <div>\n\t\t\t\t\t\t\t\t<span class=\"money-wraps\">\n\t\t\t\t\t\t\t\t  <span class=\"money-icon\"><\/span> \n\t\t\t\t\t\t\t\t  <div>\t\t\t<span><b>CHF 4750.\u2013 <\/b><\/span> \t\t\t<span>pm. CHF 99.\u2013 <\/span>\n\t\t\t\t\t\t\t\t  <\/div>\n\t\t\t\t\t\t\t\t<\/span>\n\t\t\t\t\t\t\t  <\/div>  <\/div>  <div class=\"btns\">    <a href=\"https:\/\/www.etrix.ch\/fr\/produit\/silence-s02\/?attribute_pa_modell=s02-fr&amp;attribute_pa_geschwindigkeit=85-km-h-fr&amp;attribute_pa_lackierung=green-fr\" class=\"button-new\">configurer<\/a>    <a href=\"https:\/\/www.etrix.ch\/fr\/scooter-electrique\/silence-s02-plus\/\" class=\"button-new btn-light\">en savoir plus<\/a>  <\/div><\/li><\/ul><\/div><\/div>\n<\/div>\n\n<div style=\"height:100px\" aria-hidden=\"true\" class=\"wp-block-spacer\"><\/div>\n","protected":false},"excerpt":{"rendered":"<p>Propret\u00e9 chez propre Formule 1 &#8230; <a title=\"Une affaire propre pour l&rsquo;\u00e9quipe de Formule 1 Sauber\" class=\"read-more\" href=\"https:\/\/www.etrix.ch\/fr\/une-affaire-propre-pour-lequipe-de-formule-1-sauber\/\" aria-label=\"En savoir plus sur Une affaire propre pour l&rsquo;\u00e9quipe de Formule 1 Sauber\">&gt;  En savoir plus<\/a><\/p>\n","protected":false},"author":1,"featured_media":18115,"comment_status":"closed","ping_status":"closed","sticky":false,"template":"","format":"standard","meta":{"_acf_changed":false,"footnotes":""},"categories":[366],"tags":[],"class_list":["post-19690","post","type-post","status-publish","format-standard","has-post-thumbnail","hentry","category-non-classifiee","generate-columns","tablet-grid-50","mobile-grid-100","grid-parent","grid-50"],"acf":[],"yoast_head":"<!-- This site is optimized with the Yoast SEO Premium plugin v26.9 (Yoast SEO v27.5) - https:\/\/yoast.com\/product\/yoast-seo-premium-wordpress\/ -->\n<title>Une affaire propre pour l&#039;\u00e9quipe de Formule 1 Sauber - ETRIX Elektroroller<\/title>\n<meta name=\"description\" content=\"Une affaire propre, Deux scooters \u00e9lectriques de Silence S01 contribuent \u00e0 la r\u00e9duction de l&#039;empreinte carbone de la prestigieuse \u00e9quipe de Formule 1 Sauber.\" \/>\n<meta name=\"robots\" content=\"index, follow, max-snippet:-1, max-image-preview:large, max-video-preview:-1\" \/>\n<link rel=\"canonical\" href=\"https:\/\/www.etrix.ch\/fr\/une-affaire-propre-pour-lequipe-de-formule-1-sauber\/\" \/>\n<meta property=\"og:locale\" content=\"fr_FR\" \/>\n<meta property=\"og:type\" content=\"article\" \/>\n<meta property=\"og:title\" content=\"Une affaire propre pour l&#039;\u00e9quipe de Formule 1 Sauber\" \/>\n<meta property=\"og:description\" content=\"Une affaire propre, Deux scooters \u00e9lectriques de Silence S01 contribuent \u00e0 la r\u00e9duction de l&#039;empreinte carbone de la prestigieuse \u00e9quipe de Formule 1 Sauber.\" \/>\n<meta property=\"og:url\" content=\"https:\/\/www.etrix.ch\/fr\/une-affaire-propre-pour-lequipe-de-formule-1-sauber\/\" \/>\n<meta property=\"og:site_name\" content=\"ETRIX Elektroroller\" \/>\n<meta property=\"article:publisher\" content=\"https:\/\/m.facebook.com\/etrix.emotos\/\" \/>\n<meta property=\"article:published_time\" content=\"2022-11-11T15:34:25+00:00\" \/>\n<meta property=\"article:modified_time\" content=\"2025-06-26T08:36:38+00:00\" \/>\n<meta property=\"og:image\" content=\"https:\/\/www.etrix.ch\/media\/2022\/11\/Etrix-2022-Italian-Grand-Prix-Sunday-2.jpg\" \/>\n\t<meta property=\"og:image:width\" content=\"2000\" \/>\n\t<meta property=\"og:image:height\" content=\"874\" \/>\n\t<meta property=\"og:image:type\" content=\"image\/jpeg\" \/>\n<meta name=\"author\" content=\"Alexander\" \/>\n<meta name=\"twitter:card\" content=\"summary_large_image\" \/>\n<meta name=\"twitter:creator\" content=\"@Alex Tupalov Admin\" \/>\n<meta name=\"twitter:site\" content=\"@etrixag\" \/>\n<meta name=\"twitter:label1\" content=\"\u00c9crit par\" \/>\n\t<meta name=\"twitter:data1\" content=\"Alexander\" \/>\n\t<meta name=\"twitter:label2\" content=\"Dur\u00e9e de lecture estim\u00e9e\" \/>\n\t<meta name=\"twitter:data2\" content=\"2 minutes\" \/>\n<script type=\"application\/ld+json\" class=\"yoast-schema-graph\">{\"@context\":\"https:\\\/\\\/schema.org\",\"@graph\":[{\"@type\":\"Article\",\"@id\":\"https:\\\/\\\/www.etrix.ch\\\/fr\\\/une-affaire-propre-pour-lequipe-de-formule-1-sauber\\\/#article\",\"isPartOf\":{\"@id\":\"https:\\\/\\\/www.etrix.ch\\\/fr\\\/une-affaire-propre-pour-lequipe-de-formule-1-sauber\\\/\"},\"author\":{\"name\":\"Alexander\",\"@id\":\"https:\\\/\\\/www.etrix.ch\\\/fr\\\/#\\\/schema\\\/person\\\/4fd8e224b2731c6e7b229fe95ede8ab0\"},\"headline\":\"Une affaire propre pour l&rsquo;\u00e9quipe de Formule 1 Sauber\",\"datePublished\":\"2022-11-11T15:34:25+00:00\",\"dateModified\":\"2025-06-26T08:36:38+00:00\",\"mainEntityOfPage\":{\"@id\":\"https:\\\/\\\/www.etrix.ch\\\/fr\\\/une-affaire-propre-pour-lequipe-de-formule-1-sauber\\\/\"},\"wordCount\":396,\"publisher\":{\"@id\":\"https:\\\/\\\/www.etrix.ch\\\/fr\\\/#organization\"},\"image\":{\"@id\":\"https:\\\/\\\/www.etrix.ch\\\/fr\\\/une-affaire-propre-pour-lequipe-de-formule-1-sauber\\\/#primaryimage\"},\"thumbnailUrl\":\"https:\\\/\\\/www.etrix.ch\\\/media\\\/2022\\\/11\\\/Etrix-2022-Italian-Grand-Prix-Sunday-2.jpg\",\"articleSection\":[\"Non classifi\u00e9(e)\"],\"inLanguage\":\"fr-FR\",\"copyrightYear\":\"2022\",\"copyrightHolder\":{\"@id\":\"https:\\\/\\\/www.etrix.ch\\\/#organization\"}},{\"@type\":\"WebPage\",\"@id\":\"https:\\\/\\\/www.etrix.ch\\\/fr\\\/une-affaire-propre-pour-lequipe-de-formule-1-sauber\\\/\",\"url\":\"https:\\\/\\\/www.etrix.ch\\\/fr\\\/une-affaire-propre-pour-lequipe-de-formule-1-sauber\\\/\",\"name\":\"Une affaire propre pour l'\u00e9quipe de Formule 1 Sauber - ETRIX Elektroroller\",\"isPartOf\":{\"@id\":\"https:\\\/\\\/www.etrix.ch\\\/fr\\\/#website\"},\"primaryImageOfPage\":{\"@id\":\"https:\\\/\\\/www.etrix.ch\\\/fr\\\/une-affaire-propre-pour-lequipe-de-formule-1-sauber\\\/#primaryimage\"},\"image\":{\"@id\":\"https:\\\/\\\/www.etrix.ch\\\/fr\\\/une-affaire-propre-pour-lequipe-de-formule-1-sauber\\\/#primaryimage\"},\"thumbnailUrl\":\"https:\\\/\\\/www.etrix.ch\\\/media\\\/2022\\\/11\\\/Etrix-2022-Italian-Grand-Prix-Sunday-2.jpg\",\"datePublished\":\"2022-11-11T15:34:25+00:00\",\"dateModified\":\"2025-06-26T08:36:38+00:00\",\"description\":\"Une affaire propre, Deux scooters \u00e9lectriques de Silence S01 contribuent \u00e0 la r\u00e9duction de l'empreinte carbone de la prestigieuse \u00e9quipe de Formule 1 Sauber.\",\"breadcrumb\":{\"@id\":\"https:\\\/\\\/www.etrix.ch\\\/fr\\\/une-affaire-propre-pour-lequipe-de-formule-1-sauber\\\/#breadcrumb\"},\"inLanguage\":\"fr-FR\",\"potentialAction\":[{\"@type\":\"ReadAction\",\"target\":[\"https:\\\/\\\/www.etrix.ch\\\/fr\\\/une-affaire-propre-pour-lequipe-de-formule-1-sauber\\\/\"]}]},{\"@type\":\"ImageObject\",\"inLanguage\":\"fr-FR\",\"@id\":\"https:\\\/\\\/www.etrix.ch\\\/fr\\\/une-affaire-propre-pour-lequipe-de-formule-1-sauber\\\/#primaryimage\",\"url\":\"https:\\\/\\\/www.etrix.ch\\\/media\\\/2022\\\/11\\\/Etrix-2022-Italian-Grand-Prix-Sunday-2.jpg\",\"contentUrl\":\"https:\\\/\\\/www.etrix.ch\\\/media\\\/2022\\\/11\\\/Etrix-2022-Italian-Grand-Prix-Sunday-2.jpg\",\"width\":2000,\"height\":874,\"caption\":\"BOTTAS Valtteri (fin), Alfa Romeo F1 Team ORLEN C42, ZEHNDER Beat, Team Manager of Alfa Romeo F1 Team ORLEN, ZHOU Guanyu (chi), Alfa Romeo F1 Team ORLEN C42, portrait during the Formula 1 Pirelli Gran Premio d\u2019Italia 2022, Italian Grand Prix 2022, 16th round of the 2022 FIA Formula One World Championship from September 9 to 11, 2022 on the Autodromo Nazionale di Monza, in Monza, Italy - Photo Antonin Vincent \\\/ DPPI\"},{\"@type\":\"BreadcrumbList\",\"@id\":\"https:\\\/\\\/www.etrix.ch\\\/fr\\\/une-affaire-propre-pour-lequipe-de-formule-1-sauber\\\/#breadcrumb\",\"itemListElement\":[{\"@type\":\"ListItem\",\"position\":1,\"name\":\"Accueil\",\"item\":\"https:\\\/\\\/www.etrix.ch\\\/fr\\\/\"},{\"@type\":\"ListItem\",\"position\":2,\"name\":\"Une affaire propre pour l&#8217;\u00e9quipe de Formule 1 Sauber\"}]},{\"@type\":\"WebSite\",\"@id\":\"https:\\\/\\\/www.etrix.ch\\\/fr\\\/#website\",\"url\":\"https:\\\/\\\/www.etrix.ch\\\/fr\\\/\",\"name\":\"ETRIX Elektroroller\",\"description\":\"E-Motos\",\"publisher\":{\"@id\":\"https:\\\/\\\/www.etrix.ch\\\/fr\\\/#organization\"},\"potentialAction\":[{\"@type\":\"SearchAction\",\"target\":{\"@type\":\"EntryPoint\",\"urlTemplate\":\"https:\\\/\\\/www.etrix.ch\\\/fr\\\/?s={search_term_string}\"},\"query-input\":{\"@type\":\"PropertyValueSpecification\",\"valueRequired\":true,\"valueName\":\"search_term_string\"}}],\"inLanguage\":\"fr-FR\"},{\"@type\":[\"Organization\",\"Place\",\"MotorcycleDealer\"],\"@id\":\"https:\\\/\\\/www.etrix.ch\\\/fr\\\/#organization\",\"name\":\"ETRIX E-Motos\",\"url\":\"https:\\\/\\\/www.etrix.ch\\\/fr\\\/\",\"logo\":{\"@id\":\"https:\\\/\\\/www.etrix.ch\\\/fr\\\/une-affaire-propre-pour-lequipe-de-formule-1-sauber\\\/#local-main-organization-logo\"},\"image\":{\"@id\":\"https:\\\/\\\/www.etrix.ch\\\/fr\\\/une-affaire-propre-pour-lequipe-de-formule-1-sauber\\\/#local-main-organization-logo\"},\"sameAs\":[\"https:\\\/\\\/m.facebook.com\\\/etrix.emotos\\\/\",\"https:\\\/\\\/x.com\\\/etrixag\",\"https:\\\/\\\/www.instagram.com\\\/etrix_emotos\\\/p\\\/BtVW6bXHtNv\\\/\",\"https:\\\/\\\/www.linkedin.com\\\/company\\\/etrix-ag\",\"https:\\\/\\\/www.youtube.com\\\/channel\\\/UCSd-hJdu5u8xPUEY60jexOw\"],\"address\":{\"@id\":\"https:\\\/\\\/www.etrix.ch\\\/fr\\\/une-affaire-propre-pour-lequipe-de-formule-1-sauber\\\/#local-main-place-address\"},\"geo\":{\"@type\":\"GeoCoordinates\",\"latitude\":\"47.43839497999372\",\"longitude\":\"8.465227605227366\"},\"telephone\":[\"043 931 00 45\"],\"openingHoursSpecification\":[{\"@type\":\"OpeningHoursSpecification\",\"dayOfWeek\":[\"Monday\",\"Sunday\"],\"opens\":\"00:00\",\"closes\":\"00:00\"},{\"@type\":\"OpeningHoursSpecification\",\"dayOfWeek\":[\"Tuesday\",\"Wednesday\",\"Thursday\",\"Friday\"],\"opens\":\"10:00\",\"closes\":\"18:00\"},{\"@type\":\"OpeningHoursSpecification\",\"dayOfWeek\":[\"Saturday\"],\"opens\":\"10:00\",\"closes\":\"15:00\"}]},{\"@type\":\"Person\",\"@id\":\"https:\\\/\\\/www.etrix.ch\\\/fr\\\/#\\\/schema\\\/person\\\/4fd8e224b2731c6e7b229fe95ede8ab0\",\"name\":\"Alexander\",\"sameAs\":[\"https:\\\/\\\/www.etrix.ch\",\"https:\\\/\\\/x.com\\\/Alex Tupalov Admin\"]},{\"@type\":\"PostalAddress\",\"@id\":\"https:\\\/\\\/www.etrix.ch\\\/fr\\\/une-affaire-propre-pour-lequipe-de-formule-1-sauber\\\/#local-main-place-address\",\"streetAddress\":\"Riedthofstrasse 122\",\"addressLocality\":\"Regensdorf\",\"postalCode\":\"8105\",\"addressRegion\":\"Z\u00fcrich\",\"addressCountry\":\"CH\"},{\"@type\":\"ImageObject\",\"inLanguage\":\"fr-FR\",\"@id\":\"https:\\\/\\\/www.etrix.ch\\\/fr\\\/une-affaire-propre-pour-lequipe-de-formule-1-sauber\\\/#local-main-organization-logo\",\"url\":\"https:\\\/\\\/www.etrix.ch\\\/media\\\/2021\\\/05\\\/ETRIX-logo.png\",\"contentUrl\":\"https:\\\/\\\/www.etrix.ch\\\/media\\\/2021\\\/05\\\/ETRIX-logo.png\",\"width\":470,\"height\":85,\"caption\":\"ETRIX E-Motos\"}]}<\/script>\n<meta name=\"geo.placename\" content=\"Regensdorf\" \/>\n<meta name=\"geo.position\" content=\"47.43839497999372;8.465227605227366\" \/>\n<meta name=\"geo.region\" content=\"Suisse\" \/>\n<!-- \/ Yoast SEO Premium plugin. -->","yoast_head_json":{"title":"Une affaire propre pour l'\u00e9quipe de Formule 1 Sauber - ETRIX Elektroroller","description":"Une affaire propre, Deux scooters \u00e9lectriques de Silence S01 contribuent \u00e0 la r\u00e9duction de l'empreinte carbone de la prestigieuse \u00e9quipe de Formule 1 Sauber.","robots":{"index":"index","follow":"follow","max-snippet":"max-snippet:-1","max-image-preview":"max-image-preview:large","max-video-preview":"max-video-preview:-1"},"canonical":"https:\/\/www.etrix.ch\/fr\/une-affaire-propre-pour-lequipe-de-formule-1-sauber\/","og_locale":"fr_FR","og_type":"article","og_title":"Une affaire propre pour l'\u00e9quipe de Formule 1 Sauber","og_description":"Une affaire propre, Deux scooters \u00e9lectriques de Silence S01 contribuent \u00e0 la r\u00e9duction de l'empreinte carbone de la prestigieuse \u00e9quipe de Formule 1 Sauber.","og_url":"https:\/\/www.etrix.ch\/fr\/une-affaire-propre-pour-lequipe-de-formule-1-sauber\/","og_site_name":"ETRIX Elektroroller","article_publisher":"https:\/\/m.facebook.com\/etrix.emotos\/","article_published_time":"2022-11-11T15:34:25+00:00","article_modified_time":"2025-06-26T08:36:38+00:00","og_image":[{"width":2000,"height":874,"url":"https:\/\/www.etrix.ch\/media\/2022\/11\/Etrix-2022-Italian-Grand-Prix-Sunday-2.jpg","type":"image\/jpeg"}],"author":"Alexander","twitter_card":"summary_large_image","twitter_creator":"@Alex Tupalov Admin","twitter_site":"@etrixag","twitter_misc":{"\u00c9crit par":"Alexander","Dur\u00e9e de lecture estim\u00e9e":"2 minutes"},"schema":{"@context":"https:\/\/schema.org","@graph":[{"@type":"Article","@id":"https:\/\/www.etrix.ch\/fr\/une-affaire-propre-pour-lequipe-de-formule-1-sauber\/#article","isPartOf":{"@id":"https:\/\/www.etrix.ch\/fr\/une-affaire-propre-pour-lequipe-de-formule-1-sauber\/"},"author":{"name":"Alexander","@id":"https:\/\/www.etrix.ch\/fr\/#\/schema\/person\/4fd8e224b2731c6e7b229fe95ede8ab0"},"headline":"Une affaire propre pour l&rsquo;\u00e9quipe de Formule 1 Sauber","datePublished":"2022-11-11T15:34:25+00:00","dateModified":"2025-06-26T08:36:38+00:00","mainEntityOfPage":{"@id":"https:\/\/www.etrix.ch\/fr\/une-affaire-propre-pour-lequipe-de-formule-1-sauber\/"},"wordCount":396,"publisher":{"@id":"https:\/\/www.etrix.ch\/fr\/#organization"},"image":{"@id":"https:\/\/www.etrix.ch\/fr\/une-affaire-propre-pour-lequipe-de-formule-1-sauber\/#primaryimage"},"thumbnailUrl":"https:\/\/www.etrix.ch\/media\/2022\/11\/Etrix-2022-Italian-Grand-Prix-Sunday-2.jpg","articleSection":["Non classifi\u00e9(e)"],"inLanguage":"fr-FR","copyrightYear":"2022","copyrightHolder":{"@id":"https:\/\/www.etrix.ch\/#organization"}},{"@type":"WebPage","@id":"https:\/\/www.etrix.ch\/fr\/une-affaire-propre-pour-lequipe-de-formule-1-sauber\/","url":"https:\/\/www.etrix.ch\/fr\/une-affaire-propre-pour-lequipe-de-formule-1-sauber\/","name":"Une affaire propre pour l'\u00e9quipe de Formule 1 Sauber - ETRIX Elektroroller","isPartOf":{"@id":"https:\/\/www.etrix.ch\/fr\/#website"},"primaryImageOfPage":{"@id":"https:\/\/www.etrix.ch\/fr\/une-affaire-propre-pour-lequipe-de-formule-1-sauber\/#primaryimage"},"image":{"@id":"https:\/\/www.etrix.ch\/fr\/une-affaire-propre-pour-lequipe-de-formule-1-sauber\/#primaryimage"},"thumbnailUrl":"https:\/\/www.etrix.ch\/media\/2022\/11\/Etrix-2022-Italian-Grand-Prix-Sunday-2.jpg","datePublished":"2022-11-11T15:34:25+00:00","dateModified":"2025-06-26T08:36:38+00:00","description":"Une affaire propre, Deux scooters \u00e9lectriques de Silence S01 contribuent \u00e0 la r\u00e9duction de l'empreinte carbone de la prestigieuse \u00e9quipe de Formule 1 Sauber.","breadcrumb":{"@id":"https:\/\/www.etrix.ch\/fr\/une-affaire-propre-pour-lequipe-de-formule-1-sauber\/#breadcrumb"},"inLanguage":"fr-FR","potentialAction":[{"@type":"ReadAction","target":["https:\/\/www.etrix.ch\/fr\/une-affaire-propre-pour-lequipe-de-formule-1-sauber\/"]}]},{"@type":"ImageObject","inLanguage":"fr-FR","@id":"https:\/\/www.etrix.ch\/fr\/une-affaire-propre-pour-lequipe-de-formule-1-sauber\/#primaryimage","url":"https:\/\/www.etrix.ch\/media\/2022\/11\/Etrix-2022-Italian-Grand-Prix-Sunday-2.jpg","contentUrl":"https:\/\/www.etrix.ch\/media\/2022\/11\/Etrix-2022-Italian-Grand-Prix-Sunday-2.jpg","width":2000,"height":874,"caption":"BOTTAS Valtteri (fin), Alfa Romeo F1 Team ORLEN C42, ZEHNDER Beat, Team Manager of Alfa Romeo F1 Team ORLEN, ZHOU Guanyu (chi), Alfa Romeo F1 Team ORLEN C42, portrait during the Formula 1 Pirelli Gran Premio d\u2019Italia 2022, Italian Grand Prix 2022, 16th round of the 2022 FIA Formula One World Championship from September 9 to 11, 2022 on the Autodromo Nazionale di Monza, in Monza, Italy - Photo Antonin Vincent \/ DPPI"},{"@type":"BreadcrumbList","@id":"https:\/\/www.etrix.ch\/fr\/une-affaire-propre-pour-lequipe-de-formule-1-sauber\/#breadcrumb","itemListElement":[{"@type":"ListItem","position":1,"name":"Accueil","item":"https:\/\/www.etrix.ch\/fr\/"},{"@type":"ListItem","position":2,"name":"Une affaire propre pour l&#8217;\u00e9quipe de Formule 1 Sauber"}]},{"@type":"WebSite","@id":"https:\/\/www.etrix.ch\/fr\/#website","url":"https:\/\/www.etrix.ch\/fr\/","name":"ETRIX Elektroroller","description":"E-Motos","publisher":{"@id":"https:\/\/www.etrix.ch\/fr\/#organization"},"potentialAction":[{"@type":"SearchAction","target":{"@type":"EntryPoint","urlTemplate":"https:\/\/www.etrix.ch\/fr\/?s={search_term_string}"},"query-input":{"@type":"PropertyValueSpecification","valueRequired":true,"valueName":"search_term_string"}}],"inLanguage":"fr-FR"},{"@type":["Organization","Place","MotorcycleDealer"],"@id":"https:\/\/www.etrix.ch\/fr\/#organization","name":"ETRIX E-Motos","url":"https:\/\/www.etrix.ch\/fr\/","logo":{"@id":"https:\/\/www.etrix.ch\/fr\/une-affaire-propre-pour-lequipe-de-formule-1-sauber\/#local-main-organization-logo"},"image":{"@id":"https:\/\/www.etrix.ch\/fr\/une-affaire-propre-pour-lequipe-de-formule-1-sauber\/#local-main-organization-logo"},"sameAs":["https:\/\/m.facebook.com\/etrix.emotos\/","https:\/\/x.com\/etrixag","https:\/\/www.instagram.com\/etrix_emotos\/p\/BtVW6bXHtNv\/","https:\/\/www.linkedin.com\/company\/etrix-ag","https:\/\/www.youtube.com\/channel\/UCSd-hJdu5u8xPUEY60jexOw"],"address":{"@id":"https:\/\/www.etrix.ch\/fr\/une-affaire-propre-pour-lequipe-de-formule-1-sauber\/#local-main-place-address"},"geo":{"@type":"GeoCoordinates","latitude":"47.43839497999372","longitude":"8.465227605227366"},"telephone":["043 931 00 45"],"openingHoursSpecification":[{"@type":"OpeningHoursSpecification","dayOfWeek":["Monday","Sunday"],"opens":"00:00","closes":"00:00"},{"@type":"OpeningHoursSpecification","dayOfWeek":["Tuesday","Wednesday","Thursday","Friday"],"opens":"10:00","closes":"18:00"},{"@type":"OpeningHoursSpecification","dayOfWeek":["Saturday"],"opens":"10:00","closes":"15:00"}]},{"@type":"Person","@id":"https:\/\/www.etrix.ch\/fr\/#\/schema\/person\/4fd8e224b2731c6e7b229fe95ede8ab0","name":"Alexander","sameAs":["https:\/\/www.etrix.ch","https:\/\/x.com\/Alex Tupalov Admin"]},{"@type":"PostalAddress","@id":"https:\/\/www.etrix.ch\/fr\/une-affaire-propre-pour-lequipe-de-formule-1-sauber\/#local-main-place-address","streetAddress":"Riedthofstrasse 122","addressLocality":"Regensdorf","postalCode":"8105","addressRegion":"Z\u00fcrich","addressCountry":"CH"},{"@type":"ImageObject","inLanguage":"fr-FR","@id":"https:\/\/www.etrix.ch\/fr\/une-affaire-propre-pour-lequipe-de-formule-1-sauber\/#local-main-organization-logo","url":"https:\/\/www.etrix.ch\/media\/2021\/05\/ETRIX-logo.png","contentUrl":"https:\/\/www.etrix.ch\/media\/2021\/05\/ETRIX-logo.png","width":470,"height":85,"caption":"ETRIX E-Motos"}]},"geo.placename":"Regensdorf","geo.position":{"lat":"47.43839497999372","long":"8.465227605227366"},"geo.region":"Suisse"},"_links":{"self":[{"href":"https:\/\/www.etrix.ch\/fr\/wp-json\/wp\/v2\/posts\/19690","targetHints":{"allow":["GET"]}}],"collection":[{"href":"https:\/\/www.etrix.ch\/fr\/wp-json\/wp\/v2\/posts"}],"about":[{"href":"https:\/\/www.etrix.ch\/fr\/wp-json\/wp\/v2\/types\/post"}],"author":[{"embeddable":true,"href":"https:\/\/www.etrix.ch\/fr\/wp-json\/wp\/v2\/users\/1"}],"replies":[{"embeddable":true,"href":"https:\/\/www.etrix.ch\/fr\/wp-json\/wp\/v2\/comments?post=19690"}],"version-history":[{"count":0,"href":"https:\/\/www.etrix.ch\/fr\/wp-json\/wp\/v2\/posts\/19690\/revisions"}],"wp:featuredmedia":[{"embeddable":true,"href":"https:\/\/www.etrix.ch\/fr\/wp-json\/wp\/v2\/media\/18115"}],"wp:attachment":[{"href":"https:\/\/www.etrix.ch\/fr\/wp-json\/wp\/v2\/media?parent=19690"}],"wp:term":[{"taxonomy":"category","embeddable":true,"href":"https:\/\/www.etrix.ch\/fr\/wp-json\/wp\/v2\/categories?post=19690"},{"taxonomy":"post_tag","embeddable":true,"href":"https:\/\/www.etrix.ch\/fr\/wp-json\/wp\/v2\/tags?post=19690"}],"curies":[{"name":"wp","href":"https:\/\/api.w.org\/{rel}","templated":true}]}}